{"id":92,"date":"2021-04-21T16:38:20","date_gmt":"2021-04-21T14:38:20","guid":{"rendered":"https:\/\/jenefumeplus.org\/jnfp\/?p=92"},"modified":"2021-04-22T08:44:26","modified_gmt":"2021-04-22T06:44:26","slug":"03-le-concept-des-trois-cerveaux","status":"publish","type":"post","link":"https:\/\/jenefumeplus.org\/jnfp\/index.php\/2021\/04\/21\/03-le-concept-des-trois-cerveaux\/","title":{"rendered":"03 Le concept des trois cerveaux"},"content":{"rendered":"\n<p><a href=\"https:\/\/jenefumeplus.org\/jnfp\/index.php\/2021\/04\/19\/le-sachiez-vous\/\">Retour au sommaire<\/a><\/p>\n\n\n\n<p>Maintenant que vous connaissez les diff\u00e9rents types de d\u00e9pendances et le parcours du d\u00e9fumeur, vous vous doutez qu\u2019il y a bien un endroit o\u00f9 il faut g\u00e9rer tout \u00e7a :<br><strong>Le cerveau.<\/strong><\/p>\n\n\n\n<p>Le concept des 3 cerveaux (ou\u00a0<a href=\"https:\/\/lecerveau.mcgill.ca\/flash\/d\/d_05\/d_05_cr\/d_05_cr_her\/d_05_cr_her.html\" target=\"_blank\" rel=\"noreferrer noopener\">cerveau triunique<\/a>) nous vient de\u00a0<a href=\"https:\/\/www.researchgate.net\/publication\/10584604_The_life_and_career_of_Paul_MacLean_a_journey_toward_neurobiological_and_social_harmony\" target=\"_blank\" rel=\"noreferrer noopener\">Paul MacLean<\/a>.<br>Il pensait que notre cerveau avait \u00e9volu\u00e9 au fil du temps, en 3 couches superpos\u00e9es s\u2019empilant au fur et \u00e0 mesure de l\u2019\u00e9volution, chacune ayant des fonctions distinctes. Ces 3 cerveaux (primitif, limbique et n\u00e9ocortex) fonctionnant de mani\u00e8re ind\u00e9pendante les uns des autres, chacun remplissant sa fonction.<\/p>\n\n\n\n<p>Il s\u2019av\u00e8re que depuis <strong>Maclean<\/strong>, les avanc\u00e9es en imagerie et la neurobiologie d\u00e9montrent que les 3 cerveaux interagissent ensemble en permanence et ont aussi des syst\u00e8mes de r\u00e9trocontr\u00f4le qui les r\u00e9gulent.<\/p>\n\n\n\n<p>Normalement c\u2019est le moment o\u00f9 vous vous dites&nbsp;:<br>\u00ab Ouais il est bien gentil, mais tout \u00e7a pour \u00e7a, on est pas bien avanc\u00e9. \u00bb<\/p>\n\n\n\n<p>Sauf que si <strong>MacLean<\/strong> s\u2019est tromp\u00e9 sur certains points, la plupart des avanc\u00e9es actuelles sont bas\u00e9es sur ses travaux (comme souvent dans le domaine des sciences). Le concept des 3 cerveaux permet une bonne compr\u00e9hension des m\u00e9canismes, il est d\u2019ailleurs toujours utilis\u00e9 dans certains cas en psychoth\u00e9rapie et toujours soutenu par certains sp\u00e9cialistes.<\/p>\n\n\n\n<p>Alors k\u00e9sako les 3 cerveaux ? Ce qui va suivre est volontairement simplifi\u00e9.<\/p>\n\n\n\n<p class=\"has-text-align-center has-vivid-cyan-blue-color has-text-color has-medium-font-size\"><strong>Le cerveau reptilien\/robot\/primitif\/archa\u00efque<\/strong><\/p>\n\n\n\n<p>C\u2019est le cerveau des automatismes (la respiration, le rythme cardiaque) celui qui permet de rester en vie, il r\u00e9gule notre faim, notre soif, notre sommeil, les besoins vitaux.<\/p>\n\n\n\n<p><br>C\u2019est dans celui-ci qu\u2019est pr\u00e9sent le besoin de fumer quand le taux de nicotine est devenu insuffisant dans l\u2019organisme.<br>Pour le fumeur ce besoin est aussi imp\u00e9rieux que ses besoins physiologiques fondamentaux or la nicotine \u00e0 une demi-vie estim\u00e9e de 2 H (jusqu\u2019\u00e0 4H suivant les sujets), toutes les 2 heures en moyenne la nicotine est perdue pour moiti\u00e9.<br>D\u00e8s le matin au r\u00e9veil le taux de nicotine est donc au plus bas ce qui explique la difficult\u00e9 d\u2019\u00e9liminer cette premi\u00e8re cigarette pour les \u00ab d\u00e9fumeurs \u00bb.<\/p>\n\n\n\n<p><br>Les r\u00e9flexes conditionn\u00e9s, porter 15 \u00e0 20 fois la cigarette \u00e0 sa bouche pour chaque cigarette, ceux acquis en allumant automatiquement ses cigarettes dans des situations-d\u00e9clic, le caf\u00e9, le repas, l\u2019attente, l\u2019ennui, le stress\u2026 autant d\u2019\u00e9l\u00e9ments associ\u00e9s qui d\u00e9clenchent cette envie de fumer.<br>Et une fois que ce cerveau robot a appris \u00e0 fumer, il est infatigable et r\u00e9clame inlassablement : \u00ab <em>je veux ma clope !<\/em> \u00bb.<\/p>\n\n\n\n<p class=\"has-text-align-center has-vivid-cyan-blue-color has-text-color has-medium-font-size\"><strong>Le cerveau limbique\/mammalien\/c\u0153ur<\/strong><\/p>\n\n\n\n<p>Dans ce\u00a0<a href=\"https:\/\/www.researchgate.net\/publication\/51920788_The_Limbic_System_Conception_and_Its_Historical_Evolution\" target=\"_blank\" rel=\"noreferrer noopener\">cerveau limbique<\/a>\u00a0se trouvent les circuits neurologiques responsables des sentiments, des \u00e9motions et du syst\u00e8me de r\u00e9compense.C\u2019est l\u00e0 que l\u2019acte de fumer s\u2019accompagne de sensations de plaisir qui lib\u00e8re de la dopamine d\u00e8s la premi\u00e8re bouff\u00e9e.<\/p>\n\n\n\n<p><br>C\u2019est dans ce cerveau c\u0153ur que seront ressenties les \u00e9motions, associ\u00e9es \u00e0 l\u2019acte de fumer et les moments que le fumeur est en train de vivre, pour l\u2019attacher durablement \u00e0 la cigarette au niveau affectif. Et nous sommes des \u00eatres d\u2019\u00e9motions, quand ces \u00e9motions sont puissantes, le cerveau c\u0153ur nous dit :<br>\u00ab <em>ouah je suis super heureux ! Je vais m\u2019en fumer une !<\/em> \u00bb<br>ou bien&nbsp;:<br>\u00ab <em>Wow ! \u00c7a ne va pas du tout ! Je vais en griller quelques-unes pour me remonter le moral <\/em>\u00bb.<br><\/p>\n\n\n\n<p>Ce cerveau affectif se moque de la raison, , il ne sait dire que \u00ab <em>j\u2019ai envie, j\u2019aime j\u2019aime pas<\/em> \u00bb, c\u2019est lui qui lorsqu\u2019il aura envie d\u2019arr\u00eater de fumer, poussera le cerveau raisonnable \u00e0 mettre en place des strat\u00e9gies pour que le robot finisse par ne plus demander son tabac.<\/p>\n\n\n\n<p class=\"has-text-align-center has-vivid-cyan-blue-color has-text-color has-medium-font-size\"><strong>Le cerveau cortical\/n\u00e9ocortex\/raison<\/strong><\/p>\n\n\n\n<p>C\u2019est le cerveau de l\u2019analyse, de la r\u00e9flexion et de la raison.<br>C\u2019est l\u00e0 que tous les m\u00e9faits du tabagisme et les pathologies qui en d\u00e9coulent sont identifi\u00e9s.<br>C\u2019est ce cerveau cortical qui nous indique que fumer est nocif pour notre sant\u00e9 parce qu\u2019un utilisateur sur deux en meurt.<br>C\u2019est ce cerveau de la raison qui nous dit ; \u00ab on pourrait peut-\u00eatre fumer moins ? \u00bb. Sauf qu\u2019il se fatigue vite, il est lent et n\u2019est pas de taille face au robot beaucoup plus rapide.<\/p>\n\n\n\n<p>C\u2019est du dialogue de ces trois cerveaux que d\u00e9pend l\u2019arr\u00eat du tabac.<br>Et parce que chaque fumeur a une histoire avec le tabac qui lui est propre, des d\u00e9pendances plus ou moins fortes, un parcours de sevrage diff\u00e9rent, \u00e9couter ce dialogue permettra de choisir la m\u00e9thode qui lui conviendra le mieux pour se lib\u00e9rer du tabac.<\/p>\n","protected":false},"excerpt":{"rendered":"<p>Maintenant que vous connaissez les diff\u00e9rents types de d\u00e9pendances et le parcours du d\u00e9fumeur, vous vous doutez qu\u2019il y a bien un endroit o\u00f9 il faut g\u00e9rer tout \u00e7a :<br \/>\nLe cerveau.<\/p>\n","protected":false},"author":1,"featured_media":93,"comment_status":"closed","ping_status":"closed","sticky":false,"template":"","format":"standard","meta":{"iawp_total_views":37,"footnotes":""},"categories":[9],"tags":[10,14],"class_list":["post-92","post","type-post","status-publish","format-standard","has-post-thumbnail","hentry","category-le-sachiez-vous","tag-lsv-le-sachiez-vous","tag-trois-cerveaux"],"yoast_head":"<!-- This site is optimized with the Yoast SEO plugin v27.5 - https:\/\/yoast.com\/product\/yoast-seo-wordpress\/ -->\n<title>03 Le concept des trois cerveaux - Je ne fume plus ! #JNFP<\/title>\n<meta name=\"robots\" content=\"index, follow, max-snippet:-1, max-image-preview:large, max-video-preview:-1\" \/>\n<link rel=\"canonical\" href=\"https:\/\/jenefumeplus.org\/jnfp\/index.php\/2021\/04\/21\/03-le-concept-des-trois-cerveaux\/\" \/>\n<meta property=\"og:locale\" content=\"fr_FR\" \/>\n<meta property=\"og:type\" content=\"article\" \/>\n<meta property=\"og:title\" content=\"03 Le concept des trois cerveaux - Je ne fume plus ! #JNFP\" \/>\n<meta property=\"og:description\" content=\"Maintenant que vous connaissez les diff\u00e9rents types de d\u00e9pendances et le parcours du d\u00e9fumeur, vous vous doutez qu\u2019il y a bien un endroit o\u00f9 il faut g\u00e9rer tout \u00e7a : Le cerveau.\" \/>\n<meta property=\"og:url\" content=\"https:\/\/jenefumeplus.org\/jnfp\/index.php\/2021\/04\/21\/03-le-concept-des-trois-cerveaux\/\" \/>\n<meta property=\"og:site_name\" content=\"Je ne fume plus ! #JNFP\" \/>\n<meta property=\"article:published_time\" content=\"2021-04-21T14:38:20+00:00\" \/>\n<meta property=\"article:modified_time\" content=\"2021-04-22T06:44:26+00:00\" \/>\n<meta property=\"og:image\" content=\"https:\/\/jenefumeplus.org\/jnfp\/wp-content\/uploads\/2021\/04\/5-3-cerveaux.png\" \/>\n\t<meta property=\"og:image:width\" content=\"3699\" \/>\n\t<meta property=\"og:image:height\" content=\"1962\" \/>\n\t<meta property=\"og:image:type\" content=\"image\/png\" \/>\n<meta name=\"author\" content=\"jnfp_rootman\" \/>\n<meta name=\"twitter:card\" content=\"summary_large_image\" \/>\n<meta name=\"twitter:label1\" content=\"\u00c9crit par\" \/>\n\t<meta name=\"twitter:data1\" content=\"jnfp_rootman\" \/>\n\t<meta name=\"twitter:label2\" content=\"Dur\u00e9e de lecture estim\u00e9e\" \/>\n\t<meta name=\"twitter:data2\" content=\"4 minutes\" \/>\n<script type=\"application\/ld+json\" class=\"yoast-schema-graph\">{\"@context\":\"https:\\\/\\\/schema.org\",\"@graph\":[{\"@type\":\"Article\",\"@id\":\"https:\\\/\\\/jenefumeplus.org\\\/jnfp\\\/index.php\\\/2021\\\/04\\\/21\\\/03-le-concept-des-trois-cerveaux\\\/#article\",\"isPartOf\":{\"@id\":\"https:\\\/\\\/jenefumeplus.org\\\/jnfp\\\/index.php\\\/2021\\\/04\\\/21\\\/03-le-concept-des-trois-cerveaux\\\/\"},\"author\":{\"name\":\"jnfp_rootman\",\"@id\":\"https:\\\/\\\/jenefumeplus.org\\\/jnfp\\\/#\\\/schema\\\/person\\\/17ebb0813e8fb4aacf2580e75766b18b\"},\"headline\":\"03 Le concept des trois cerveaux\",\"datePublished\":\"2021-04-21T14:38:20+00:00\",\"dateModified\":\"2021-04-22T06:44:26+00:00\",\"mainEntityOfPage\":{\"@id\":\"https:\\\/\\\/jenefumeplus.org\\\/jnfp\\\/index.php\\\/2021\\\/04\\\/21\\\/03-le-concept-des-trois-cerveaux\\\/\"},\"wordCount\":801,\"publisher\":{\"@id\":\"https:\\\/\\\/jenefumeplus.org\\\/jnfp\\\/#organization\"},\"image\":{\"@id\":\"https:\\\/\\\/jenefumeplus.org\\\/jnfp\\\/index.php\\\/2021\\\/04\\\/21\\\/03-le-concept-des-trois-cerveaux\\\/#primaryimage\"},\"thumbnailUrl\":\"https:\\\/\\\/jenefumeplus.org\\\/jnfp\\\/wp-content\\\/uploads\\\/2021\\\/04\\\/5-3-cerveaux.png\",\"keywords\":[\"Le sachiez-vous ?\",\"trois cerveaux\"],\"articleSection\":[\"Le sachiez-vous ?\"],\"inLanguage\":\"fr-FR\"},{\"@type\":\"WebPage\",\"@id\":\"https:\\\/\\\/jenefumeplus.org\\\/jnfp\\\/index.php\\\/2021\\\/04\\\/21\\\/03-le-concept-des-trois-cerveaux\\\/\",\"url\":\"https:\\\/\\\/jenefumeplus.org\\\/jnfp\\\/index.php\\\/2021\\\/04\\\/21\\\/03-le-concept-des-trois-cerveaux\\\/\",\"name\":\"03 Le concept des trois cerveaux - Je ne fume plus ! #JNFP\",\"isPartOf\":{\"@id\":\"https:\\\/\\\/jenefumeplus.org\\\/jnfp\\\/#website\"},\"primaryImageOfPage\":{\"@id\":\"https:\\\/\\\/jenefumeplus.org\\\/jnfp\\\/index.php\\\/2021\\\/04\\\/21\\\/03-le-concept-des-trois-cerveaux\\\/#primaryimage\"},\"image\":{\"@id\":\"https:\\\/\\\/jenefumeplus.org\\\/jnfp\\\/index.php\\\/2021\\\/04\\\/21\\\/03-le-concept-des-trois-cerveaux\\\/#primaryimage\"},\"thumbnailUrl\":\"https:\\\/\\\/jenefumeplus.org\\\/jnfp\\\/wp-content\\\/uploads\\\/2021\\\/04\\\/5-3-cerveaux.png\",\"datePublished\":\"2021-04-21T14:38:20+00:00\",\"dateModified\":\"2021-04-22T06:44:26+00:00\",\"breadcrumb\":{\"@id\":\"https:\\\/\\\/jenefumeplus.org\\\/jnfp\\\/index.php\\\/2021\\\/04\\\/21\\\/03-le-concept-des-trois-cerveaux\\\/#breadcrumb\"},\"inLanguage\":\"fr-FR\",\"potentialAction\":[{\"@type\":\"ReadAction\",\"target\":[\"https:\\\/\\\/jenefumeplus.org\\\/jnfp\\\/index.php\\\/2021\\\/04\\\/21\\\/03-le-concept-des-trois-cerveaux\\\/\"]}]},{\"@type\":\"ImageObject\",\"inLanguage\":\"fr-FR\",\"@id\":\"https:\\\/\\\/jenefumeplus.org\\\/jnfp\\\/index.php\\\/2021\\\/04\\\/21\\\/03-le-concept-des-trois-cerveaux\\\/#primaryimage\",\"url\":\"https:\\\/\\\/jenefumeplus.org\\\/jnfp\\\/wp-content\\\/uploads\\\/2021\\\/04\\\/5-3-cerveaux.png\",\"contentUrl\":\"https:\\\/\\\/jenefumeplus.org\\\/jnfp\\\/wp-content\\\/uploads\\\/2021\\\/04\\\/5-3-cerveaux.png\",\"width\":3699,\"height\":1962},{\"@type\":\"BreadcrumbList\",\"@id\":\"https:\\\/\\\/jenefumeplus.org\\\/jnfp\\\/index.php\\\/2021\\\/04\\\/21\\\/03-le-concept-des-trois-cerveaux\\\/#breadcrumb\",\"itemListElement\":[{\"@type\":\"ListItem\",\"position\":1,\"name\":\"Accueil\",\"item\":\"https:\\\/\\\/jenefumeplus.org\\\/jnfp\\\/\"},{\"@type\":\"ListItem\",\"position\":2,\"name\":\"03 Le concept des trois cerveaux\"}]},{\"@type\":\"WebSite\",\"@id\":\"https:\\\/\\\/jenefumeplus.org\\\/jnfp\\\/#website\",\"url\":\"https:\\\/\\\/jenefumeplus.org\\\/jnfp\\\/\",\"name\":\"Je ne fume plus ! #JNFP\",\"description\":\"Arr\u00eater de fumer, oui, mais pas tout-e seul-e !\",\"publisher\":{\"@id\":\"https:\\\/\\\/jenefumeplus.org\\\/jnfp\\\/#organization\"},\"potentialAction\":[{\"@type\":\"SearchAction\",\"target\":{\"@type\":\"EntryPoint\",\"urlTemplate\":\"https:\\\/\\\/jenefumeplus.org\\\/jnfp\\\/?s={search_term_string}\"},\"query-input\":{\"@type\":\"PropertyValueSpecification\",\"valueRequired\":true,\"valueName\":\"search_term_string\"}}],\"inLanguage\":\"fr-FR\"},{\"@type\":\"Organization\",\"@id\":\"https:\\\/\\\/jenefumeplus.org\\\/jnfp\\\/#organization\",\"name\":\"Je ne fume plus ! #JNFP\",\"url\":\"https:\\\/\\\/jenefumeplus.org\\\/jnfp\\\/\",\"logo\":{\"@type\":\"ImageObject\",\"inLanguage\":\"fr-FR\",\"@id\":\"https:\\\/\\\/jenefumeplus.org\\\/jnfp\\\/#\\\/schema\\\/logo\\\/image\\\/\",\"url\":\"https:\\\/\\\/jenefumeplus.org\\\/jnfp\\\/wp-content\\\/uploads\\\/2023\\\/08\\\/cropped-Logo-JNFP-2069x702-2.png\",\"contentUrl\":\"https:\\\/\\\/jenefumeplus.org\\\/jnfp\\\/wp-content\\\/uploads\\\/2023\\\/08\\\/cropped-Logo-JNFP-2069x702-2.png\",\"width\":2200,\"height\":701,\"caption\":\"Je ne fume plus ! #JNFP\"},\"image\":{\"@id\":\"https:\\\/\\\/jenefumeplus.org\\\/jnfp\\\/#\\\/schema\\\/logo\\\/image\\\/\"}},{\"@type\":\"Person\",\"@id\":\"https:\\\/\\\/jenefumeplus.org\\\/jnfp\\\/#\\\/schema\\\/person\\\/17ebb0813e8fb4aacf2580e75766b18b\",\"name\":\"jnfp_rootman\",\"image\":{\"@type\":\"ImageObject\",\"inLanguage\":\"fr-FR\",\"@id\":\"https:\\\/\\\/secure.gravatar.com\\\/avatar\\\/1de74b9a65890a3d386545f909dcb7642d9de5d98f41762bf62becb1cb2b1c76?s=96&d=mm&r=g\",\"url\":\"https:\\\/\\\/secure.gravatar.com\\\/avatar\\\/1de74b9a65890a3d386545f909dcb7642d9de5d98f41762bf62becb1cb2b1c76?s=96&d=mm&r=g\",\"contentUrl\":\"https:\\\/\\\/secure.gravatar.com\\\/avatar\\\/1de74b9a65890a3d386545f909dcb7642d9de5d98f41762bf62becb1cb2b1c76?s=96&d=mm&r=g\",\"caption\":\"jnfp_rootman\"},\"sameAs\":[\"https:\\\/\\\/jenefumeplus.org\\\/jnfp\"],\"url\":\"https:\\\/\\\/jenefumeplus.org\\\/jnfp\\\/index.php\\\/author\\\/jnfp_rootman\\\/\"}]}<\/script>\n<!-- \/ Yoast SEO plugin. -->","yoast_head_json":{"title":"03 Le concept des trois cerveaux - Je ne fume plus ! #JNFP","robots":{"index":"index","follow":"follow","max-snippet":"max-snippet:-1","max-image-preview":"max-image-preview:large","max-video-preview":"max-video-preview:-1"},"canonical":"https:\/\/jenefumeplus.org\/jnfp\/index.php\/2021\/04\/21\/03-le-concept-des-trois-cerveaux\/","og_locale":"fr_FR","og_type":"article","og_title":"03 Le concept des trois cerveaux - Je ne fume plus ! #JNFP","og_description":"Maintenant que vous connaissez les diff\u00e9rents types de d\u00e9pendances et le parcours du d\u00e9fumeur, vous vous doutez qu\u2019il y a bien un endroit o\u00f9 il faut g\u00e9rer tout \u00e7a : Le cerveau.","og_url":"https:\/\/jenefumeplus.org\/jnfp\/index.php\/2021\/04\/21\/03-le-concept-des-trois-cerveaux\/","og_site_name":"Je ne fume plus ! #JNFP","article_published_time":"2021-04-21T14:38:20+00:00","article_modified_time":"2021-04-22T06:44:26+00:00","og_image":[{"width":3699,"height":1962,"url":"https:\/\/jenefumeplus.org\/jnfp\/wp-content\/uploads\/2021\/04\/5-3-cerveaux.png","type":"image\/png"}],"author":"jnfp_rootman","twitter_card":"summary_large_image","twitter_misc":{"\u00c9crit par":"jnfp_rootman","Dur\u00e9e de lecture estim\u00e9e":"4 minutes"},"schema":{"@context":"https:\/\/schema.org","@graph":[{"@type":"Article","@id":"https:\/\/jenefumeplus.org\/jnfp\/index.php\/2021\/04\/21\/03-le-concept-des-trois-cerveaux\/#article","isPartOf":{"@id":"https:\/\/jenefumeplus.org\/jnfp\/index.php\/2021\/04\/21\/03-le-concept-des-trois-cerveaux\/"},"author":{"name":"jnfp_rootman","@id":"https:\/\/jenefumeplus.org\/jnfp\/#\/schema\/person\/17ebb0813e8fb4aacf2580e75766b18b"},"headline":"03 Le concept des trois cerveaux","datePublished":"2021-04-21T14:38:20+00:00","dateModified":"2021-04-22T06:44:26+00:00","mainEntityOfPage":{"@id":"https:\/\/jenefumeplus.org\/jnfp\/index.php\/2021\/04\/21\/03-le-concept-des-trois-cerveaux\/"},"wordCount":801,"publisher":{"@id":"https:\/\/jenefumeplus.org\/jnfp\/#organization"},"image":{"@id":"https:\/\/jenefumeplus.org\/jnfp\/index.php\/2021\/04\/21\/03-le-concept-des-trois-cerveaux\/#primaryimage"},"thumbnailUrl":"https:\/\/jenefumeplus.org\/jnfp\/wp-content\/uploads\/2021\/04\/5-3-cerveaux.png","keywords":["Le sachiez-vous ?","trois cerveaux"],"articleSection":["Le sachiez-vous ?"],"inLanguage":"fr-FR"},{"@type":"WebPage","@id":"https:\/\/jenefumeplus.org\/jnfp\/index.php\/2021\/04\/21\/03-le-concept-des-trois-cerveaux\/","url":"https:\/\/jenefumeplus.org\/jnfp\/index.php\/2021\/04\/21\/03-le-concept-des-trois-cerveaux\/","name":"03 Le concept des trois cerveaux - Je ne fume plus ! #JNFP","isPartOf":{"@id":"https:\/\/jenefumeplus.org\/jnfp\/#website"},"primaryImageOfPage":{"@id":"https:\/\/jenefumeplus.org\/jnfp\/index.php\/2021\/04\/21\/03-le-concept-des-trois-cerveaux\/#primaryimage"},"image":{"@id":"https:\/\/jenefumeplus.org\/jnfp\/index.php\/2021\/04\/21\/03-le-concept-des-trois-cerveaux\/#primaryimage"},"thumbnailUrl":"https:\/\/jenefumeplus.org\/jnfp\/wp-content\/uploads\/2021\/04\/5-3-cerveaux.png","datePublished":"2021-04-21T14:38:20+00:00","dateModified":"2021-04-22T06:44:26+00:00","breadcrumb":{"@id":"https:\/\/jenefumeplus.org\/jnfp\/index.php\/2021\/04\/21\/03-le-concept-des-trois-cerveaux\/#breadcrumb"},"inLanguage":"fr-FR","potentialAction":[{"@type":"ReadAction","target":["https:\/\/jenefumeplus.org\/jnfp\/index.php\/2021\/04\/21\/03-le-concept-des-trois-cerveaux\/"]}]},{"@type":"ImageObject","inLanguage":"fr-FR","@id":"https:\/\/jenefumeplus.org\/jnfp\/index.php\/2021\/04\/21\/03-le-concept-des-trois-cerveaux\/#primaryimage","url":"https:\/\/jenefumeplus.org\/jnfp\/wp-content\/uploads\/2021\/04\/5-3-cerveaux.png","contentUrl":"https:\/\/jenefumeplus.org\/jnfp\/wp-content\/uploads\/2021\/04\/5-3-cerveaux.png","width":3699,"height":1962},{"@type":"BreadcrumbList","@id":"https:\/\/jenefumeplus.org\/jnfp\/index.php\/2021\/04\/21\/03-le-concept-des-trois-cerveaux\/#breadcrumb","itemListElement":[{"@type":"ListItem","position":1,"name":"Accueil","item":"https:\/\/jenefumeplus.org\/jnfp\/"},{"@type":"ListItem","position":2,"name":"03 Le concept des trois cerveaux"}]},{"@type":"WebSite","@id":"https:\/\/jenefumeplus.org\/jnfp\/#website","url":"https:\/\/jenefumeplus.org\/jnfp\/","name":"Je ne fume plus ! #JNFP","description":"Arr\u00eater de fumer, oui, mais pas tout-e seul-e !","publisher":{"@id":"https:\/\/jenefumeplus.org\/jnfp\/#organization"},"potentialAction":[{"@type":"SearchAction","target":{"@type":"EntryPoint","urlTemplate":"https:\/\/jenefumeplus.org\/jnfp\/?s={search_term_string}"},"query-input":{"@type":"PropertyValueSpecification","valueRequired":true,"valueName":"search_term_string"}}],"inLanguage":"fr-FR"},{"@type":"Organization","@id":"https:\/\/jenefumeplus.org\/jnfp\/#organization","name":"Je ne fume plus ! #JNFP","url":"https:\/\/jenefumeplus.org\/jnfp\/","logo":{"@type":"ImageObject","inLanguage":"fr-FR","@id":"https:\/\/jenefumeplus.org\/jnfp\/#\/schema\/logo\/image\/","url":"https:\/\/jenefumeplus.org\/jnfp\/wp-content\/uploads\/2023\/08\/cropped-Logo-JNFP-2069x702-2.png","contentUrl":"https:\/\/jenefumeplus.org\/jnfp\/wp-content\/uploads\/2023\/08\/cropped-Logo-JNFP-2069x702-2.png","width":2200,"height":701,"caption":"Je ne fume plus ! #JNFP"},"image":{"@id":"https:\/\/jenefumeplus.org\/jnfp\/#\/schema\/logo\/image\/"}},{"@type":"Person","@id":"https:\/\/jenefumeplus.org\/jnfp\/#\/schema\/person\/17ebb0813e8fb4aacf2580e75766b18b","name":"jnfp_rootman","image":{"@type":"ImageObject","inLanguage":"fr-FR","@id":"https:\/\/secure.gravatar.com\/avatar\/1de74b9a65890a3d386545f909dcb7642d9de5d98f41762bf62becb1cb2b1c76?s=96&d=mm&r=g","url":"https:\/\/secure.gravatar.com\/avatar\/1de74b9a65890a3d386545f909dcb7642d9de5d98f41762bf62becb1cb2b1c76?s=96&d=mm&r=g","contentUrl":"https:\/\/secure.gravatar.com\/avatar\/1de74b9a65890a3d386545f909dcb7642d9de5d98f41762bf62becb1cb2b1c76?s=96&d=mm&r=g","caption":"jnfp_rootman"},"sameAs":["https:\/\/jenefumeplus.org\/jnfp"],"url":"https:\/\/jenefumeplus.org\/jnfp\/index.php\/author\/jnfp_rootman\/"}]}},"_links":{"self":[{"href":"https:\/\/jenefumeplus.org\/jnfp\/index.php\/wp-json\/wp\/v2\/posts\/92","targetHints":{"allow":["GET"]}}],"collection":[{"href":"https:\/\/jenefumeplus.org\/jnfp\/index.php\/wp-json\/wp\/v2\/posts"}],"about":[{"href":"https:\/\/jenefumeplus.org\/jnfp\/index.php\/wp-json\/wp\/v2\/types\/post"}],"author":[{"embeddable":true,"href":"https:\/\/jenefumeplus.org\/jnfp\/index.php\/wp-json\/wp\/v2\/users\/1"}],"replies":[{"embeddable":true,"href":"https:\/\/jenefumeplus.org\/jnfp\/index.php\/wp-json\/wp\/v2\/comments?post=92"}],"version-history":[{"count":7,"href":"https:\/\/jenefumeplus.org\/jnfp\/index.php\/wp-json\/wp\/v2\/posts\/92\/revisions"}],"predecessor-version":[{"id":395,"href":"https:\/\/jenefumeplus.org\/jnfp\/index.php\/wp-json\/wp\/v2\/posts\/92\/revisions\/395"}],"wp:featuredmedia":[{"embeddable":true,"href":"https:\/\/jenefumeplus.org\/jnfp\/index.php\/wp-json\/wp\/v2\/media\/93"}],"wp:attachment":[{"href":"https:\/\/jenefumeplus.org\/jnfp\/index.php\/wp-json\/wp\/v2\/media?parent=92"}],"wp:term":[{"taxonomy":"category","embeddable":true,"href":"https:\/\/jenefumeplus.org\/jnfp\/index.php\/wp-json\/wp\/v2\/categories?post=92"},{"taxonomy":"post_tag","embeddable":true,"href":"https:\/\/jenefumeplus.org\/jnfp\/index.php\/wp-json\/wp\/v2\/tags?post=92"}],"curies":[{"name":"wp","href":"https:\/\/api.w.org\/{rel}","templated":true}]}}