{"id":717,"date":"2022-01-21T12:47:39","date_gmt":"2022-01-21T11:47:39","guid":{"rendered":"https:\/\/jenefumeplus.org\/jnfp\/?p=717"},"modified":"2023-04-03T08:34:00","modified_gmt":"2023-04-03T06:34:00","slug":"lessentiel-du-rapport-denquete-jnfp-2021","status":"publish","type":"post","link":"https:\/\/jenefumeplus.org\/jnfp\/index.php\/2022\/01\/21\/lessentiel-du-rapport-denquete-jnfp-2021\/","title":{"rendered":"L&#8217;essentiel du rapport d&#8217;enqu\u00eate #JNFP 2021"},"content":{"rendered":"<div class='w3eden'><!-- WPDM Link Template: Default Template -->\n\n<div class=\"link-template-default card mb-2\">\n    <div class=\"card-body\">\n        <div class=\"media\">\n            <div class=\"mr-3 img-48\"><img decoding=\"async\" class=\"wpdm_icon\" alt=\"Ic\u00f4ne\" src=\"https:\/\/jenefumeplus.org\/jnfp\/wp-content\/plugins\/download-manager\/assets\/file-type-icons\/pdf.svg\" \/><\/div>\n            <div class=\"media-body\">\n                <h3 class=\"package-title\"><a href='https:\/\/jenefumeplus.org\/jnfp\/index.php\/download\/lessentiel-de-lenquete-je-ne-fume-plus-2021\/'>L'essentiel de l'enqu\u00eate Je ne fume plus 2021<\/a><\/h3>\n                <div class=\"text-muted text-small\"><i class=\"fas fa-copy\"><\/i> 1 fichier\u00b7s <i class=\"fas fa-hdd ml-3\"><\/i> 463.03 KB<\/div>\n            <\/div>\n            <div class=\"ml-3\">\n                <a class='wpdm-download-link download-on-click btn btn-primary ' rel='nofollow' href='#' data-downloadurl=\"https:\/\/jenefumeplus.org\/jnfp\/index.php\/download\/lessentiel-de-lenquete-je-ne-fume-plus-2021\/?wpdmdl=714&refresh=69f4bbc043c6e1777646528\">T\u00e9l\u00e9charger<\/a>\n            <\/div>\n        <\/div>\n    <\/div>\n<\/div>\n\n<\/div>\n\n\n\n<p>Ce document a pour objet de faire une synth\u00e8se du rapport d\u2019enqu\u00eate du groupe \u00ab Je ne fume plus ! \u00bb r\u00e9alis\u00e9e en d\u00e9cembre 2021.&nbsp;<\/p>\n\n\n\n<p>L\u2019objectif de l\u2019enqu\u00eate \u00e9tait de mieux comprendre les enjeux du groupe \u00ab Je ne fume plus ! #jnfp \u00bb dans la d\u00e9marche d\u2019arr\u00eat du tabac de ses membres.&nbsp;<\/p>\n\n\n\n<p>Nous avons choisi de faire appara\u00eetre ici les r\u00e9sultats principaux de l\u2019enqu\u00eate, autour de cinq axes :&nbsp;<\/p>\n\n\n\n<ol class=\"wp-block-list\" type=\"1\">\n<li>Les caract\u00e9ristiques sociod\u00e9mographiques et l\u2019\u00e9tat de sant\u00e9 des membres du groupe<\/li>\n\n\n\n<li>L\u2019histoire des membres avec le tabac avant d\u2019entrer sur le groupe&nbsp;<\/li>\n\n\n\n<li>L\u2019arr\u00eat actuel du tabac des membres sur le groupe \u00ab Je ne fume plus ! #jnfp \u00bb&nbsp;<\/li>\n\n\n\n<li>La perception du Mois sans Tabac chez les membres du groupe \u00ab Je ne fume plus ! #jnfp \u00bb&nbsp;&nbsp;&nbsp; <\/li>\n\n\n\n<li>L\u2019apport du groupe auto-support \u00ab Je ne fume plus ! #jnfp \u00bb<\/li>\n<\/ol>\n\n\n\n<p>Les r\u00e9sultats se basent sur les r\u00e9ponses de 1375 membres du groupe \u00ab Je ne fume plus ! #jnfp \u00bb.&nbsp;<\/p>\n\n\n\n<p>Pour en savoir plus, vous pouvez retrouver la totalit\u00e9 du rapport d\u2019enqu\u00eate (87 pages) sur ce site. <em>Nous remercions toutes les membres ayant particip\u00e9 \u00e0 cette enqu\u00eate ainsi que les personnes ayant contribu\u00e9 \u00e0 la r\u00e9alisation de ce document.<\/em><\/p>\n","protected":false},"excerpt":{"rendered":"<p>Ce document a pour objet de faire une synth\u00e8se du rapport d\u2019enqu\u00eate du groupe \u00ab Je ne fume plus ! \u00bb r\u00e9alis\u00e9e en d\u00e9cembre 2021.&nbsp; L\u2019objectif de l\u2019enqu\u00eate \u00e9tait de mieux comprendre les enjeux du groupe \u00ab Je ne fume plus ! #jnfp \u00bb dans la d\u00e9marche d\u2019arr\u00eat du tabac de ses membres.&nbsp; Nous avons&#8230;<\/p>\n","protected":false},"author":3,"featured_media":722,"comment_status":"closed","ping_status":"closed","sticky":true,"template":"","format":"standard","meta":{"iawp_total_views":3,"footnotes":""},"categories":[1],"tags":[],"class_list":["post-717","post","type-post","status-publish","format-standard","has-post-thumbnail","hentry","category-non-classe"],"yoast_head":"<!-- This site is optimized with the Yoast SEO plugin v27.5 - https:\/\/yoast.com\/product\/yoast-seo-wordpress\/ -->\n<title>L&#039;essentiel du rapport d&#039;enqu\u00eate #JNFP 2021 - Je ne fume plus ! #JNFP<\/title>\n<meta name=\"robots\" content=\"index, follow, max-snippet:-1, max-image-preview:large, max-video-preview:-1\" \/>\n<link rel=\"canonical\" href=\"https:\/\/jenefumeplus.org\/jnfp\/index.php\/2022\/01\/21\/lessentiel-du-rapport-denquete-jnfp-2021\/\" \/>\n<meta property=\"og:locale\" content=\"fr_FR\" \/>\n<meta property=\"og:type\" content=\"article\" \/>\n<meta property=\"og:title\" content=\"L&#039;essentiel du rapport d&#039;enqu\u00eate #JNFP 2021 - Je ne fume plus ! #JNFP\" \/>\n<meta property=\"og:description\" content=\"Ce document a pour objet de faire une synth\u00e8se du rapport d\u2019enqu\u00eate du groupe \u00ab Je ne fume plus ! \u00bb r\u00e9alis\u00e9e en d\u00e9cembre 2021.&nbsp; L\u2019objectif de l\u2019enqu\u00eate \u00e9tait de mieux comprendre les enjeux du groupe \u00ab Je ne fume plus ! #jnfp \u00bb dans la d\u00e9marche d\u2019arr\u00eat du tabac de ses membres.&nbsp; Nous avons...\" \/>\n<meta property=\"og:url\" content=\"https:\/\/jenefumeplus.org\/jnfp\/index.php\/2022\/01\/21\/lessentiel-du-rapport-denquete-jnfp-2021\/\" \/>\n<meta property=\"og:site_name\" content=\"Je ne fume plus ! #JNFP\" \/>\n<meta property=\"article:published_time\" content=\"2022-01-21T11:47:39+00:00\" \/>\n<meta property=\"article:modified_time\" content=\"2023-04-03T06:34:00+00:00\" \/>\n<meta property=\"og:image\" content=\"https:\/\/jenefumeplus.org\/jnfp\/wp-content\/uploads\/2022\/01\/1deCouv-Lessentiel-enquete-JNFP-comp.png\" \/>\n\t<meta property=\"og:image:width\" content=\"1654\" \/>\n\t<meta property=\"og:image:height\" content=\"2339\" \/>\n\t<meta property=\"og:image:type\" content=\"image\/png\" \/>\n<meta name=\"author\" content=\"Fran\u00e7oise Gaudel\" \/>\n<meta name=\"twitter:card\" content=\"summary_large_image\" \/>\n<meta name=\"twitter:label1\" content=\"\u00c9crit par\" \/>\n\t<meta name=\"twitter:data1\" content=\"Fran\u00e7oise Gaudel\" \/>\n\t<meta name=\"twitter:label2\" content=\"Dur\u00e9e de lecture estim\u00e9e\" \/>\n\t<meta name=\"twitter:data2\" content=\"1 minute\" \/>\n<script type=\"application\/ld+json\" class=\"yoast-schema-graph\">{\"@context\":\"https:\\\/\\\/schema.org\",\"@graph\":[{\"@type\":\"Article\",\"@id\":\"https:\\\/\\\/jenefumeplus.org\\\/jnfp\\\/index.php\\\/2022\\\/01\\\/21\\\/lessentiel-du-rapport-denquete-jnfp-2021\\\/#article\",\"isPartOf\":{\"@id\":\"https:\\\/\\\/jenefumeplus.org\\\/jnfp\\\/index.php\\\/2022\\\/01\\\/21\\\/lessentiel-du-rapport-denquete-jnfp-2021\\\/\"},\"author\":{\"name\":\"Fran\u00e7oise Gaudel\",\"@id\":\"https:\\\/\\\/jenefumeplus.org\\\/jnfp\\\/#\\\/schema\\\/person\\\/b243094f177ff05332a46cf757e895dd\"},\"headline\":\"L&#8217;essentiel du rapport d&#8217;enqu\u00eate #JNFP 2021\",\"datePublished\":\"2022-01-21T11:47:39+00:00\",\"dateModified\":\"2023-04-03T06:34:00+00:00\",\"mainEntityOfPage\":{\"@id\":\"https:\\\/\\\/jenefumeplus.org\\\/jnfp\\\/index.php\\\/2022\\\/01\\\/21\\\/lessentiel-du-rapport-denquete-jnfp-2021\\\/\"},\"wordCount\":225,\"publisher\":{\"@id\":\"https:\\\/\\\/jenefumeplus.org\\\/jnfp\\\/#organization\"},\"image\":{\"@id\":\"https:\\\/\\\/jenefumeplus.org\\\/jnfp\\\/index.php\\\/2022\\\/01\\\/21\\\/lessentiel-du-rapport-denquete-jnfp-2021\\\/#primaryimage\"},\"thumbnailUrl\":\"https:\\\/\\\/jenefumeplus.org\\\/jnfp\\\/wp-content\\\/uploads\\\/2022\\\/01\\\/1deCouv-Lessentiel-enquete-JNFP-comp.png\",\"inLanguage\":\"fr-FR\"},{\"@type\":\"WebPage\",\"@id\":\"https:\\\/\\\/jenefumeplus.org\\\/jnfp\\\/index.php\\\/2022\\\/01\\\/21\\\/lessentiel-du-rapport-denquete-jnfp-2021\\\/\",\"url\":\"https:\\\/\\\/jenefumeplus.org\\\/jnfp\\\/index.php\\\/2022\\\/01\\\/21\\\/lessentiel-du-rapport-denquete-jnfp-2021\\\/\",\"name\":\"L'essentiel du rapport d'enqu\u00eate #JNFP 2021 - Je ne fume plus ! #JNFP\",\"isPartOf\":{\"@id\":\"https:\\\/\\\/jenefumeplus.org\\\/jnfp\\\/#website\"},\"primaryImageOfPage\":{\"@id\":\"https:\\\/\\\/jenefumeplus.org\\\/jnfp\\\/index.php\\\/2022\\\/01\\\/21\\\/lessentiel-du-rapport-denquete-jnfp-2021\\\/#primaryimage\"},\"image\":{\"@id\":\"https:\\\/\\\/jenefumeplus.org\\\/jnfp\\\/index.php\\\/2022\\\/01\\\/21\\\/lessentiel-du-rapport-denquete-jnfp-2021\\\/#primaryimage\"},\"thumbnailUrl\":\"https:\\\/\\\/jenefumeplus.org\\\/jnfp\\\/wp-content\\\/uploads\\\/2022\\\/01\\\/1deCouv-Lessentiel-enquete-JNFP-comp.png\",\"datePublished\":\"2022-01-21T11:47:39+00:00\",\"dateModified\":\"2023-04-03T06:34:00+00:00\",\"breadcrumb\":{\"@id\":\"https:\\\/\\\/jenefumeplus.org\\\/jnfp\\\/index.php\\\/2022\\\/01\\\/21\\\/lessentiel-du-rapport-denquete-jnfp-2021\\\/#breadcrumb\"},\"inLanguage\":\"fr-FR\",\"potentialAction\":[{\"@type\":\"ReadAction\",\"target\":[\"https:\\\/\\\/jenefumeplus.org\\\/jnfp\\\/index.php\\\/2022\\\/01\\\/21\\\/lessentiel-du-rapport-denquete-jnfp-2021\\\/\"]}]},{\"@type\":\"ImageObject\",\"inLanguage\":\"fr-FR\",\"@id\":\"https:\\\/\\\/jenefumeplus.org\\\/jnfp\\\/index.php\\\/2022\\\/01\\\/21\\\/lessentiel-du-rapport-denquete-jnfp-2021\\\/#primaryimage\",\"url\":\"https:\\\/\\\/jenefumeplus.org\\\/jnfp\\\/wp-content\\\/uploads\\\/2022\\\/01\\\/1deCouv-Lessentiel-enquete-JNFP-comp.png\",\"contentUrl\":\"https:\\\/\\\/jenefumeplus.org\\\/jnfp\\\/wp-content\\\/uploads\\\/2022\\\/01\\\/1deCouv-Lessentiel-enquete-JNFP-comp.png\",\"width\":1654,\"height\":2339},{\"@type\":\"BreadcrumbList\",\"@id\":\"https:\\\/\\\/jenefumeplus.org\\\/jnfp\\\/index.php\\\/2022\\\/01\\\/21\\\/lessentiel-du-rapport-denquete-jnfp-2021\\\/#breadcrumb\",\"itemListElement\":[{\"@type\":\"ListItem\",\"position\":1,\"name\":\"Accueil\",\"item\":\"https:\\\/\\\/jenefumeplus.org\\\/jnfp\\\/\"},{\"@type\":\"ListItem\",\"position\":2,\"name\":\"L&rsquo;essentiel du rapport d&rsquo;enqu\u00eate #JNFP 2021\"}]},{\"@type\":\"WebSite\",\"@id\":\"https:\\\/\\\/jenefumeplus.org\\\/jnfp\\\/#website\",\"url\":\"https:\\\/\\\/jenefumeplus.org\\\/jnfp\\\/\",\"name\":\"Je ne fume plus ! #JNFP\",\"description\":\"Arr\u00eater de fumer, oui, mais pas tout-e seul-e !\",\"publisher\":{\"@id\":\"https:\\\/\\\/jenefumeplus.org\\\/jnfp\\\/#organization\"},\"potentialAction\":[{\"@type\":\"SearchAction\",\"target\":{\"@type\":\"EntryPoint\",\"urlTemplate\":\"https:\\\/\\\/jenefumeplus.org\\\/jnfp\\\/?s={search_term_string}\"},\"query-input\":{\"@type\":\"PropertyValueSpecification\",\"valueRequired\":true,\"valueName\":\"search_term_string\"}}],\"inLanguage\":\"fr-FR\"},{\"@type\":\"Organization\",\"@id\":\"https:\\\/\\\/jenefumeplus.org\\\/jnfp\\\/#organization\",\"name\":\"Je ne fume plus ! #JNFP\",\"url\":\"https:\\\/\\\/jenefumeplus.org\\\/jnfp\\\/\",\"logo\":{\"@type\":\"ImageObject\",\"inLanguage\":\"fr-FR\",\"@id\":\"https:\\\/\\\/jenefumeplus.org\\\/jnfp\\\/#\\\/schema\\\/logo\\\/image\\\/\",\"url\":\"https:\\\/\\\/jenefumeplus.org\\\/jnfp\\\/wp-content\\\/uploads\\\/2023\\\/08\\\/cropped-Logo-JNFP-2069x702-2.png\",\"contentUrl\":\"https:\\\/\\\/jenefumeplus.org\\\/jnfp\\\/wp-content\\\/uploads\\\/2023\\\/08\\\/cropped-Logo-JNFP-2069x702-2.png\",\"width\":2200,\"height\":701,\"caption\":\"Je ne fume plus ! #JNFP\"},\"image\":{\"@id\":\"https:\\\/\\\/jenefumeplus.org\\\/jnfp\\\/#\\\/schema\\\/logo\\\/image\\\/\"}},{\"@type\":\"Person\",\"@id\":\"https:\\\/\\\/jenefumeplus.org\\\/jnfp\\\/#\\\/schema\\\/person\\\/b243094f177ff05332a46cf757e895dd\",\"name\":\"Fran\u00e7oise Gaudel\",\"image\":{\"@type\":\"ImageObject\",\"inLanguage\":\"fr-FR\",\"@id\":\"https:\\\/\\\/secure.gravatar.com\\\/avatar\\\/e04ba3b4e4e65b1a2ce844992b2638f708981e806004c0f1d101d636427b2848?s=96&d=mm&r=g\",\"url\":\"https:\\\/\\\/secure.gravatar.com\\\/avatar\\\/e04ba3b4e4e65b1a2ce844992b2638f708981e806004c0f1d101d636427b2848?s=96&d=mm&r=g\",\"contentUrl\":\"https:\\\/\\\/secure.gravatar.com\\\/avatar\\\/e04ba3b4e4e65b1a2ce844992b2638f708981e806004c0f1d101d636427b2848?s=96&d=mm&r=g\",\"caption\":\"Fran\u00e7oise Gaudel\"},\"url\":\"https:\\\/\\\/jenefumeplus.org\\\/jnfp\\\/index.php\\\/author\\\/fgaudel\\\/\"}]}<\/script>\n<!-- \/ Yoast SEO plugin. -->","yoast_head_json":{"title":"L'essentiel du rapport d'enqu\u00eate #JNFP 2021 - Je ne fume plus ! #JNFP","robots":{"index":"index","follow":"follow","max-snippet":"max-snippet:-1","max-image-preview":"max-image-preview:large","max-video-preview":"max-video-preview:-1"},"canonical":"https:\/\/jenefumeplus.org\/jnfp\/index.php\/2022\/01\/21\/lessentiel-du-rapport-denquete-jnfp-2021\/","og_locale":"fr_FR","og_type":"article","og_title":"L'essentiel du rapport d'enqu\u00eate #JNFP 2021 - Je ne fume plus ! #JNFP","og_description":"Ce document a pour objet de faire une synth\u00e8se du rapport d\u2019enqu\u00eate du groupe \u00ab Je ne fume plus ! \u00bb r\u00e9alis\u00e9e en d\u00e9cembre 2021.&nbsp; L\u2019objectif de l\u2019enqu\u00eate \u00e9tait de mieux comprendre les enjeux du groupe \u00ab Je ne fume plus ! #jnfp \u00bb dans la d\u00e9marche d\u2019arr\u00eat du tabac de ses membres.&nbsp; Nous avons...","og_url":"https:\/\/jenefumeplus.org\/jnfp\/index.php\/2022\/01\/21\/lessentiel-du-rapport-denquete-jnfp-2021\/","og_site_name":"Je ne fume plus ! #JNFP","article_published_time":"2022-01-21T11:47:39+00:00","article_modified_time":"2023-04-03T06:34:00+00:00","og_image":[{"width":1654,"height":2339,"url":"https:\/\/jenefumeplus.org\/jnfp\/wp-content\/uploads\/2022\/01\/1deCouv-Lessentiel-enquete-JNFP-comp.png","type":"image\/png"}],"author":"Fran\u00e7oise Gaudel","twitter_card":"summary_large_image","twitter_misc":{"\u00c9crit par":"Fran\u00e7oise Gaudel","Dur\u00e9e de lecture estim\u00e9e":"1 minute"},"schema":{"@context":"https:\/\/schema.org","@graph":[{"@type":"Article","@id":"https:\/\/jenefumeplus.org\/jnfp\/index.php\/2022\/01\/21\/lessentiel-du-rapport-denquete-jnfp-2021\/#article","isPartOf":{"@id":"https:\/\/jenefumeplus.org\/jnfp\/index.php\/2022\/01\/21\/lessentiel-du-rapport-denquete-jnfp-2021\/"},"author":{"name":"Fran\u00e7oise Gaudel","@id":"https:\/\/jenefumeplus.org\/jnfp\/#\/schema\/person\/b243094f177ff05332a46cf757e895dd"},"headline":"L&#8217;essentiel du rapport d&#8217;enqu\u00eate #JNFP 2021","datePublished":"2022-01-21T11:47:39+00:00","dateModified":"2023-04-03T06:34:00+00:00","mainEntityOfPage":{"@id":"https:\/\/jenefumeplus.org\/jnfp\/index.php\/2022\/01\/21\/lessentiel-du-rapport-denquete-jnfp-2021\/"},"wordCount":225,"publisher":{"@id":"https:\/\/jenefumeplus.org\/jnfp\/#organization"},"image":{"@id":"https:\/\/jenefumeplus.org\/jnfp\/index.php\/2022\/01\/21\/lessentiel-du-rapport-denquete-jnfp-2021\/#primaryimage"},"thumbnailUrl":"https:\/\/jenefumeplus.org\/jnfp\/wp-content\/uploads\/2022\/01\/1deCouv-Lessentiel-enquete-JNFP-comp.png","inLanguage":"fr-FR"},{"@type":"WebPage","@id":"https:\/\/jenefumeplus.org\/jnfp\/index.php\/2022\/01\/21\/lessentiel-du-rapport-denquete-jnfp-2021\/","url":"https:\/\/jenefumeplus.org\/jnfp\/index.php\/2022\/01\/21\/lessentiel-du-rapport-denquete-jnfp-2021\/","name":"L'essentiel du rapport d'enqu\u00eate #JNFP 2021 - Je ne fume plus ! #JNFP","isPartOf":{"@id":"https:\/\/jenefumeplus.org\/jnfp\/#website"},"primaryImageOfPage":{"@id":"https:\/\/jenefumeplus.org\/jnfp\/index.php\/2022\/01\/21\/lessentiel-du-rapport-denquete-jnfp-2021\/#primaryimage"},"image":{"@id":"https:\/\/jenefumeplus.org\/jnfp\/index.php\/2022\/01\/21\/lessentiel-du-rapport-denquete-jnfp-2021\/#primaryimage"},"thumbnailUrl":"https:\/\/jenefumeplus.org\/jnfp\/wp-content\/uploads\/2022\/01\/1deCouv-Lessentiel-enquete-JNFP-comp.png","datePublished":"2022-01-21T11:47:39+00:00","dateModified":"2023-04-03T06:34:00+00:00","breadcrumb":{"@id":"https:\/\/jenefumeplus.org\/jnfp\/index.php\/2022\/01\/21\/lessentiel-du-rapport-denquete-jnfp-2021\/#breadcrumb"},"inLanguage":"fr-FR","potentialAction":[{"@type":"ReadAction","target":["https:\/\/jenefumeplus.org\/jnfp\/index.php\/2022\/01\/21\/lessentiel-du-rapport-denquete-jnfp-2021\/"]}]},{"@type":"ImageObject","inLanguage":"fr-FR","@id":"https:\/\/jenefumeplus.org\/jnfp\/index.php\/2022\/01\/21\/lessentiel-du-rapport-denquete-jnfp-2021\/#primaryimage","url":"https:\/\/jenefumeplus.org\/jnfp\/wp-content\/uploads\/2022\/01\/1deCouv-Lessentiel-enquete-JNFP-comp.png","contentUrl":"https:\/\/jenefumeplus.org\/jnfp\/wp-content\/uploads\/2022\/01\/1deCouv-Lessentiel-enquete-JNFP-comp.png","width":1654,"height":2339},{"@type":"BreadcrumbList","@id":"https:\/\/jenefumeplus.org\/jnfp\/index.php\/2022\/01\/21\/lessentiel-du-rapport-denquete-jnfp-2021\/#breadcrumb","itemListElement":[{"@type":"ListItem","position":1,"name":"Accueil","item":"https:\/\/jenefumeplus.org\/jnfp\/"},{"@type":"ListItem","position":2,"name":"L&rsquo;essentiel du rapport d&rsquo;enqu\u00eate #JNFP 2021"}]},{"@type":"WebSite","@id":"https:\/\/jenefumeplus.org\/jnfp\/#website","url":"https:\/\/jenefumeplus.org\/jnfp\/","name":"Je ne fume plus ! #JNFP","description":"Arr\u00eater de fumer, oui, mais pas tout-e seul-e !","publisher":{"@id":"https:\/\/jenefumeplus.org\/jnfp\/#organization"},"potentialAction":[{"@type":"SearchAction","target":{"@type":"EntryPoint","urlTemplate":"https:\/\/jenefumeplus.org\/jnfp\/?s={search_term_string}"},"query-input":{"@type":"PropertyValueSpecification","valueRequired":true,"valueName":"search_term_string"}}],"inLanguage":"fr-FR"},{"@type":"Organization","@id":"https:\/\/jenefumeplus.org\/jnfp\/#organization","name":"Je ne fume plus ! #JNFP","url":"https:\/\/jenefumeplus.org\/jnfp\/","logo":{"@type":"ImageObject","inLanguage":"fr-FR","@id":"https:\/\/jenefumeplus.org\/jnfp\/#\/schema\/logo\/image\/","url":"https:\/\/jenefumeplus.org\/jnfp\/wp-content\/uploads\/2023\/08\/cropped-Logo-JNFP-2069x702-2.png","contentUrl":"https:\/\/jenefumeplus.org\/jnfp\/wp-content\/uploads\/2023\/08\/cropped-Logo-JNFP-2069x702-2.png","width":2200,"height":701,"caption":"Je ne fume plus ! #JNFP"},"image":{"@id":"https:\/\/jenefumeplus.org\/jnfp\/#\/schema\/logo\/image\/"}},{"@type":"Person","@id":"https:\/\/jenefumeplus.org\/jnfp\/#\/schema\/person\/b243094f177ff05332a46cf757e895dd","name":"Fran\u00e7oise Gaudel","image":{"@type":"ImageObject","inLanguage":"fr-FR","@id":"https:\/\/secure.gravatar.com\/avatar\/e04ba3b4e4e65b1a2ce844992b2638f708981e806004c0f1d101d636427b2848?s=96&d=mm&r=g","url":"https:\/\/secure.gravatar.com\/avatar\/e04ba3b4e4e65b1a2ce844992b2638f708981e806004c0f1d101d636427b2848?s=96&d=mm&r=g","contentUrl":"https:\/\/secure.gravatar.com\/avatar\/e04ba3b4e4e65b1a2ce844992b2638f708981e806004c0f1d101d636427b2848?s=96&d=mm&r=g","caption":"Fran\u00e7oise Gaudel"},"url":"https:\/\/jenefumeplus.org\/jnfp\/index.php\/author\/fgaudel\/"}]}},"_links":{"self":[{"href":"https:\/\/jenefumeplus.org\/jnfp\/index.php\/wp-json\/wp\/v2\/posts\/717","targetHints":{"allow":["GET"]}}],"collection":[{"href":"https:\/\/jenefumeplus.org\/jnfp\/index.php\/wp-json\/wp\/v2\/posts"}],"about":[{"href":"https:\/\/jenefumeplus.org\/jnfp\/index.php\/wp-json\/wp\/v2\/types\/post"}],"author":[{"embeddable":true,"href":"https:\/\/jenefumeplus.org\/jnfp\/index.php\/wp-json\/wp\/v2\/users\/3"}],"replies":[{"embeddable":true,"href":"https:\/\/jenefumeplus.org\/jnfp\/index.php\/wp-json\/wp\/v2\/comments?post=717"}],"version-history":[{"count":4,"href":"https:\/\/jenefumeplus.org\/jnfp\/index.php\/wp-json\/wp\/v2\/posts\/717\/revisions"}],"predecessor-version":[{"id":1209,"href":"https:\/\/jenefumeplus.org\/jnfp\/index.php\/wp-json\/wp\/v2\/posts\/717\/revisions\/1209"}],"wp:featuredmedia":[{"embeddable":true,"href":"https:\/\/jenefumeplus.org\/jnfp\/index.php\/wp-json\/wp\/v2\/media\/722"}],"wp:attachment":[{"href":"https:\/\/jenefumeplus.org\/jnfp\/index.php\/wp-json\/wp\/v2\/media?parent=717"}],"wp:term":[{"taxonomy":"category","embeddable":true,"href":"https:\/\/jenefumeplus.org\/jnfp\/index.php\/wp-json\/wp\/v2\/categories?post=717"},{"taxonomy":"post_tag","embeddable":true,"href":"https:\/\/jenefumeplus.org\/jnfp\/index.php\/wp-json\/wp\/v2\/tags?post=717"}],"curies":[{"name":"wp","href":"https:\/\/api.w.org\/{rel}","templated":true}]}}