{"id":715,"date":"2022-01-21T12:42:56","date_gmt":"2022-01-21T11:42:56","guid":{"rendered":"https:\/\/jenefumeplus.org\/jnfp\/?p=715"},"modified":"2023-04-03T08:33:15","modified_gmt":"2023-04-03T06:33:15","slug":"rapport-denquete-2021-qui-sont-les-membres-de-jnfp-quel-interet-de-lauto-support","status":"publish","type":"post","link":"https:\/\/jenefumeplus.org\/jnfp\/index.php\/2022\/01\/21\/rapport-denquete-2021-qui-sont-les-membres-de-jnfp-quel-interet-de-lauto-support\/","title":{"rendered":"Rapport d&#8217;enqu\u00eate 2021 : Qui sont les membres de #JNFP ? Quel int\u00e9r\u00eat de l&#8217;auto-support?"},"content":{"rendered":"<div class='w3eden'><!-- WPDM Link Template: Default Template -->\n\n<div class=\"link-template-default card mb-2\">\n    <div class=\"card-body\">\n        <div class=\"media\">\n            <div class=\"mr-3 img-48\"><img decoding=\"async\" class=\"wpdm_icon\" alt=\"Ic\u00f4ne\" src=\"https:\/\/jenefumeplus.org\/jnfp\/wp-content\/plugins\/download-manager\/assets\/file-type-icons\/pdf.svg\" \/><\/div>\n            <div class=\"media-body\">\n                <h3 class=\"package-title\"><a href='https:\/\/jenefumeplus.org\/jnfp\/index.php\/download\/rapport-denquete-2021-je-ne-fume-plus-jnfp\/'>Rapport d'enqu\u00eate 2021 - Je ne fume plus ! #JNFP<\/a><\/h3>\n                <div class=\"text-muted text-small\"><i class=\"fas fa-copy\"><\/i> 1 fichier\u00b7s <i class=\"fas fa-hdd ml-3\"><\/i> 3.07 MB<\/div>\n            <\/div>\n            <div class=\"ml-3\">\n                <a class='wpdm-download-link download-on-click btn btn-primary ' rel='nofollow' href='#' data-downloadurl=\"https:\/\/jenefumeplus.org\/jnfp\/index.php\/download\/rapport-denquete-2021-je-ne-fume-plus-jnfp\/?wpdmdl=713&refresh=69f4aad57ff881777642197\">T\u00e9l\u00e9charger<\/a>\n            <\/div>\n        <\/div>\n    <\/div>\n<\/div>\n\n<\/div>\n\n\n\n<p>Chaque ann\u00e9e, au sortir du Mois sans Tabac, nous interrogeons les membres du groupe &#8220;Je ne fume plus !&#8221; sur leurs parcours, leurs m\u00e9thodes -actuelles ou pass\u00e9es- de sevrage tabagique.<\/p>\n\n\n\n<p>Nous questionnons aussi le sens d&#8217;un groupe auto-support, accueillant plus de 20 400 membres, souhaitant ou ayant arr\u00eat\u00e9 de fumer.<\/p>\n\n\n\n<p>Cette enqu\u00eate refl\u00e8te les pratiques, les cheminements, les strat\u00e9gies de &#8220;<em>d\u00e9fumeurs<\/em>&#8221; faisant partie d&#8217;un groupe communautaire en ligne : des personnes souvent \u00e9loign\u00e9es des syst\u00e8mes d&#8217;information et de soin.<\/p>\n\n\n\n<p>&#8220;Je ne fume plus!&#8221; se veut un lieu d&#8217;\u00e9changes, d&#8217;apprentissages, de soutien et d&#8217;entraide pour outiller au mieux le pouvoir d&#8217;agir de chacun dans son propre chemin.<\/p>\n\n\n\n<p>Espace d&#8217;information, de parole, nous souhaitons souligner le r\u00f4le que peut avoir l\u2019auto- support dans le parcours de sortie d\u2019addiction au tabac fum\u00e9 : par l\u2019empowerment des membres d\u2019un groupe, l\u2019apprentissage vers l\u2019autonomisation, accompagn\u00e9s par les pairs, les patients experts, et les professionnels d\u2019information, de soins, d\u2019accompagnement, impliqu\u00e9s dans ces groupes. Par l\u2019utilisation du groupe comme outil d&#8217;accompagnement non guid\u00e9 entre deux entretiens pour les professionnels de sant\u00e9. Dans cette enqu\u00eate, vous d\u00e9couvrirez derri\u00e8re les chiffres les visages de l&#8217;auto-support.<\/p>\n\n\n\n<p>Fran\u00e7oise Gaudel, Directrice g\u00e9n\u00e9rale de l&#8217;association Je ne fume plus ! #JNFP<\/p>\n","protected":false},"excerpt":{"rendered":"<p>Chaque ann\u00e9e, au sortir du Mois sans Tabac, nous interrogeons les membres du groupe &#8220;Je ne fume plus !&#8221; sur leurs parcours, leurs m\u00e9thodes -actuelles ou pass\u00e9es- de sevrage tabagique. Nous questionnons aussi le sens d&#8217;un groupe auto-support, accueillant plus de 20 400 membres, souhaitant ou ayant arr\u00eat\u00e9 de fumer. Cette enqu\u00eate refl\u00e8te les pratiques,&#8230;<\/p>\n","protected":false},"author":3,"featured_media":723,"comment_status":"closed","ping_status":"closed","sticky":true,"template":"","format":"standard","meta":{"iawp_total_views":4,"footnotes":""},"categories":[1],"tags":[],"class_list":["post-715","post","type-post","status-publish","format-standard","has-post-thumbnail","hentry","category-non-classe"],"yoast_head":"<!-- This site is optimized with the Yoast SEO plugin v27.5 - https:\/\/yoast.com\/product\/yoast-seo-wordpress\/ -->\n<title>Rapport d&#039;enqu\u00eate 2021 : Qui sont les membres de #JNFP ? Quel int\u00e9r\u00eat de l&#039;auto-support? - Je ne fume plus ! #JNFP<\/title>\n<meta name=\"description\" content=\"Espace d&#039;information, de parole, nous souhaitons souligner le r\u00f4le que peut avoir l\u2019auto- support dans le parcours de sortie d\u2019addiction au tabac fum\u00e9 : par l\u2019empowerment des membres d\u2019un groupe, l\u2019apprentissage vers l\u2019autonomisation, accompagn\u00e9s par les pairs, les patients experts, et les professionnels d\u2019information, de soins, d\u2019accompagnement, impliqu\u00e9s dans ces groupes. Par l\u2019utilisation du groupe comme outil d&#039;accompagnement non guid\u00e9 entre deux entretiens pour les professionnels de sant\u00e9. Dans cette enqu\u00eate, vous d\u00e9couvrirez derri\u00e8re les chiffres les visages de l&#039;auto-support.\" \/>\n<meta name=\"robots\" content=\"index, follow, max-snippet:-1, max-image-preview:large, max-video-preview:-1\" \/>\n<link rel=\"canonical\" href=\"https:\/\/jenefumeplus.org\/jnfp\/index.php\/2022\/01\/21\/rapport-denquete-2021-qui-sont-les-membres-de-jnfp-quel-interet-de-lauto-support\/\" \/>\n<meta property=\"og:locale\" content=\"fr_FR\" \/>\n<meta property=\"og:type\" content=\"article\" \/>\n<meta property=\"og:title\" content=\"Rapport d&#039;enqu\u00eate 2021 : Qui sont les membres de #JNFP ? Quel int\u00e9r\u00eat de l&#039;auto-support? - Je ne fume plus ! #JNFP\" \/>\n<meta property=\"og:description\" content=\"Espace d&#039;information, de parole, nous souhaitons souligner le r\u00f4le que peut avoir l\u2019auto- support dans le parcours de sortie d\u2019addiction au tabac fum\u00e9 : par l\u2019empowerment des membres d\u2019un groupe, l\u2019apprentissage vers l\u2019autonomisation, accompagn\u00e9s par les pairs, les patients experts, et les professionnels d\u2019information, de soins, d\u2019accompagnement, impliqu\u00e9s dans ces groupes. Par l\u2019utilisation du groupe comme outil d&#039;accompagnement non guid\u00e9 entre deux entretiens pour les professionnels de sant\u00e9. Dans cette enqu\u00eate, vous d\u00e9couvrirez derri\u00e8re les chiffres les visages de l&#039;auto-support.\" \/>\n<meta property=\"og:url\" content=\"https:\/\/jenefumeplus.org\/jnfp\/index.php\/2022\/01\/21\/rapport-denquete-2021-qui-sont-les-membres-de-jnfp-quel-interet-de-lauto-support\/\" \/>\n<meta property=\"og:site_name\" content=\"Je ne fume plus ! #JNFP\" \/>\n<meta property=\"article:published_time\" content=\"2022-01-21T11:42:56+00:00\" \/>\n<meta property=\"article:modified_time\" content=\"2023-04-03T06:33:15+00:00\" \/>\n<meta property=\"og:image\" content=\"https:\/\/jenefumeplus.org\/jnfp\/wp-content\/uploads\/2022\/01\/1deCouv-Enquete-annuelle-JNFP-2021-comp.png\" \/>\n\t<meta property=\"og:image:width\" content=\"1654\" \/>\n\t<meta property=\"og:image:height\" content=\"2339\" \/>\n\t<meta property=\"og:image:type\" content=\"image\/png\" \/>\n<meta name=\"author\" content=\"Fran\u00e7oise Gaudel\" \/>\n<meta name=\"twitter:card\" content=\"summary_large_image\" \/>\n<meta name=\"twitter:label1\" content=\"\u00c9crit par\" \/>\n\t<meta name=\"twitter:data1\" content=\"Fran\u00e7oise Gaudel\" \/>\n\t<meta name=\"twitter:label2\" content=\"Dur\u00e9e de lecture estim\u00e9e\" \/>\n\t<meta name=\"twitter:data2\" content=\"2 minutes\" \/>\n<script type=\"application\/ld+json\" class=\"yoast-schema-graph\">{\"@context\":\"https:\\\/\\\/schema.org\",\"@graph\":[{\"@type\":\"Article\",\"@id\":\"https:\\\/\\\/jenefumeplus.org\\\/jnfp\\\/index.php\\\/2022\\\/01\\\/21\\\/rapport-denquete-2021-qui-sont-les-membres-de-jnfp-quel-interet-de-lauto-support\\\/#article\",\"isPartOf\":{\"@id\":\"https:\\\/\\\/jenefumeplus.org\\\/jnfp\\\/index.php\\\/2022\\\/01\\\/21\\\/rapport-denquete-2021-qui-sont-les-membres-de-jnfp-quel-interet-de-lauto-support\\\/\"},\"author\":{\"name\":\"Fran\u00e7oise Gaudel\",\"@id\":\"https:\\\/\\\/jenefumeplus.org\\\/jnfp\\\/#\\\/schema\\\/person\\\/b243094f177ff05332a46cf757e895dd\"},\"headline\":\"Rapport d&#8217;enqu\u00eate 2021 : Qui sont les membres de #JNFP ? Quel int\u00e9r\u00eat de l&#8217;auto-support?\",\"datePublished\":\"2022-01-21T11:42:56+00:00\",\"dateModified\":\"2023-04-03T06:33:15+00:00\",\"mainEntityOfPage\":{\"@id\":\"https:\\\/\\\/jenefumeplus.org\\\/jnfp\\\/index.php\\\/2022\\\/01\\\/21\\\/rapport-denquete-2021-qui-sont-les-membres-de-jnfp-quel-interet-de-lauto-support\\\/\"},\"wordCount\":251,\"publisher\":{\"@id\":\"https:\\\/\\\/jenefumeplus.org\\\/jnfp\\\/#organization\"},\"image\":{\"@id\":\"https:\\\/\\\/jenefumeplus.org\\\/jnfp\\\/index.php\\\/2022\\\/01\\\/21\\\/rapport-denquete-2021-qui-sont-les-membres-de-jnfp-quel-interet-de-lauto-support\\\/#primaryimage\"},\"thumbnailUrl\":\"https:\\\/\\\/jenefumeplus.org\\\/jnfp\\\/wp-content\\\/uploads\\\/2022\\\/01\\\/1deCouv-Enquete-annuelle-JNFP-2021-comp.png\",\"inLanguage\":\"fr-FR\"},{\"@type\":\"WebPage\",\"@id\":\"https:\\\/\\\/jenefumeplus.org\\\/jnfp\\\/index.php\\\/2022\\\/01\\\/21\\\/rapport-denquete-2021-qui-sont-les-membres-de-jnfp-quel-interet-de-lauto-support\\\/\",\"url\":\"https:\\\/\\\/jenefumeplus.org\\\/jnfp\\\/index.php\\\/2022\\\/01\\\/21\\\/rapport-denquete-2021-qui-sont-les-membres-de-jnfp-quel-interet-de-lauto-support\\\/\",\"name\":\"Rapport d'enqu\u00eate 2021 : Qui sont les membres de #JNFP ? Quel int\u00e9r\u00eat de l'auto-support? - Je ne fume plus ! #JNFP\",\"isPartOf\":{\"@id\":\"https:\\\/\\\/jenefumeplus.org\\\/jnfp\\\/#website\"},\"primaryImageOfPage\":{\"@id\":\"https:\\\/\\\/jenefumeplus.org\\\/jnfp\\\/index.php\\\/2022\\\/01\\\/21\\\/rapport-denquete-2021-qui-sont-les-membres-de-jnfp-quel-interet-de-lauto-support\\\/#primaryimage\"},\"image\":{\"@id\":\"https:\\\/\\\/jenefumeplus.org\\\/jnfp\\\/index.php\\\/2022\\\/01\\\/21\\\/rapport-denquete-2021-qui-sont-les-membres-de-jnfp-quel-interet-de-lauto-support\\\/#primaryimage\"},\"thumbnailUrl\":\"https:\\\/\\\/jenefumeplus.org\\\/jnfp\\\/wp-content\\\/uploads\\\/2022\\\/01\\\/1deCouv-Enquete-annuelle-JNFP-2021-comp.png\",\"datePublished\":\"2022-01-21T11:42:56+00:00\",\"dateModified\":\"2023-04-03T06:33:15+00:00\",\"description\":\"Espace d'information, de parole, nous souhaitons souligner le r\u00f4le que peut avoir l\u2019auto- support dans le parcours de sortie d\u2019addiction au tabac fum\u00e9 : par l\u2019empowerment des membres d\u2019un groupe, l\u2019apprentissage vers l\u2019autonomisation, accompagn\u00e9s par les pairs, les patients experts, et les professionnels d\u2019information, de soins, d\u2019accompagnement, impliqu\u00e9s dans ces groupes. Par l\u2019utilisation du groupe comme outil d'accompagnement non guid\u00e9 entre deux entretiens pour les professionnels de sant\u00e9. Dans cette enqu\u00eate, vous d\u00e9couvrirez derri\u00e8re les chiffres les visages de l'auto-support.\",\"breadcrumb\":{\"@id\":\"https:\\\/\\\/jenefumeplus.org\\\/jnfp\\\/index.php\\\/2022\\\/01\\\/21\\\/rapport-denquete-2021-qui-sont-les-membres-de-jnfp-quel-interet-de-lauto-support\\\/#breadcrumb\"},\"inLanguage\":\"fr-FR\",\"potentialAction\":[{\"@type\":\"ReadAction\",\"target\":[\"https:\\\/\\\/jenefumeplus.org\\\/jnfp\\\/index.php\\\/2022\\\/01\\\/21\\\/rapport-denquete-2021-qui-sont-les-membres-de-jnfp-quel-interet-de-lauto-support\\\/\"]}]},{\"@type\":\"ImageObject\",\"inLanguage\":\"fr-FR\",\"@id\":\"https:\\\/\\\/jenefumeplus.org\\\/jnfp\\\/index.php\\\/2022\\\/01\\\/21\\\/rapport-denquete-2021-qui-sont-les-membres-de-jnfp-quel-interet-de-lauto-support\\\/#primaryimage\",\"url\":\"https:\\\/\\\/jenefumeplus.org\\\/jnfp\\\/wp-content\\\/uploads\\\/2022\\\/01\\\/1deCouv-Enquete-annuelle-JNFP-2021-comp.png\",\"contentUrl\":\"https:\\\/\\\/jenefumeplus.org\\\/jnfp\\\/wp-content\\\/uploads\\\/2022\\\/01\\\/1deCouv-Enquete-annuelle-JNFP-2021-comp.png\",\"width\":1654,\"height\":2339},{\"@type\":\"BreadcrumbList\",\"@id\":\"https:\\\/\\\/jenefumeplus.org\\\/jnfp\\\/index.php\\\/2022\\\/01\\\/21\\\/rapport-denquete-2021-qui-sont-les-membres-de-jnfp-quel-interet-de-lauto-support\\\/#breadcrumb\",\"itemListElement\":[{\"@type\":\"ListItem\",\"position\":1,\"name\":\"Accueil\",\"item\":\"https:\\\/\\\/jenefumeplus.org\\\/jnfp\\\/\"},{\"@type\":\"ListItem\",\"position\":2,\"name\":\"Rapport d&rsquo;enqu\u00eate 2021 : Qui sont les membres de #JNFP ? Quel int\u00e9r\u00eat de l&rsquo;auto-support?\"}]},{\"@type\":\"WebSite\",\"@id\":\"https:\\\/\\\/jenefumeplus.org\\\/jnfp\\\/#website\",\"url\":\"https:\\\/\\\/jenefumeplus.org\\\/jnfp\\\/\",\"name\":\"Je ne fume plus ! #JNFP\",\"description\":\"Arr\u00eater de fumer, oui, mais pas tout-e seul-e !\",\"publisher\":{\"@id\":\"https:\\\/\\\/jenefumeplus.org\\\/jnfp\\\/#organization\"},\"potentialAction\":[{\"@type\":\"SearchAction\",\"target\":{\"@type\":\"EntryPoint\",\"urlTemplate\":\"https:\\\/\\\/jenefumeplus.org\\\/jnfp\\\/?s={search_term_string}\"},\"query-input\":{\"@type\":\"PropertyValueSpecification\",\"valueRequired\":true,\"valueName\":\"search_term_string\"}}],\"inLanguage\":\"fr-FR\"},{\"@type\":\"Organization\",\"@id\":\"https:\\\/\\\/jenefumeplus.org\\\/jnfp\\\/#organization\",\"name\":\"Je ne fume plus ! #JNFP\",\"url\":\"https:\\\/\\\/jenefumeplus.org\\\/jnfp\\\/\",\"logo\":{\"@type\":\"ImageObject\",\"inLanguage\":\"fr-FR\",\"@id\":\"https:\\\/\\\/jenefumeplus.org\\\/jnfp\\\/#\\\/schema\\\/logo\\\/image\\\/\",\"url\":\"https:\\\/\\\/jenefumeplus.org\\\/jnfp\\\/wp-content\\\/uploads\\\/2023\\\/08\\\/cropped-Logo-JNFP-2069x702-2.png\",\"contentUrl\":\"https:\\\/\\\/jenefumeplus.org\\\/jnfp\\\/wp-content\\\/uploads\\\/2023\\\/08\\\/cropped-Logo-JNFP-2069x702-2.png\",\"width\":2200,\"height\":701,\"caption\":\"Je ne fume plus ! #JNFP\"},\"image\":{\"@id\":\"https:\\\/\\\/jenefumeplus.org\\\/jnfp\\\/#\\\/schema\\\/logo\\\/image\\\/\"}},{\"@type\":\"Person\",\"@id\":\"https:\\\/\\\/jenefumeplus.org\\\/jnfp\\\/#\\\/schema\\\/person\\\/b243094f177ff05332a46cf757e895dd\",\"name\":\"Fran\u00e7oise Gaudel\",\"image\":{\"@type\":\"ImageObject\",\"inLanguage\":\"fr-FR\",\"@id\":\"https:\\\/\\\/secure.gravatar.com\\\/avatar\\\/e04ba3b4e4e65b1a2ce844992b2638f708981e806004c0f1d101d636427b2848?s=96&d=mm&r=g\",\"url\":\"https:\\\/\\\/secure.gravatar.com\\\/avatar\\\/e04ba3b4e4e65b1a2ce844992b2638f708981e806004c0f1d101d636427b2848?s=96&d=mm&r=g\",\"contentUrl\":\"https:\\\/\\\/secure.gravatar.com\\\/avatar\\\/e04ba3b4e4e65b1a2ce844992b2638f708981e806004c0f1d101d636427b2848?s=96&d=mm&r=g\",\"caption\":\"Fran\u00e7oise Gaudel\"},\"url\":\"https:\\\/\\\/jenefumeplus.org\\\/jnfp\\\/index.php\\\/author\\\/fgaudel\\\/\"}]}<\/script>\n<!-- \/ Yoast SEO plugin. -->","yoast_head_json":{"title":"Rapport d'enqu\u00eate 2021 : Qui sont les membres de #JNFP ? Quel int\u00e9r\u00eat de l'auto-support? - Je ne fume plus ! #JNFP","description":"Espace d'information, de parole, nous souhaitons souligner le r\u00f4le que peut avoir l\u2019auto- support dans le parcours de sortie d\u2019addiction au tabac fum\u00e9 : par l\u2019empowerment des membres d\u2019un groupe, l\u2019apprentissage vers l\u2019autonomisation, accompagn\u00e9s par les pairs, les patients experts, et les professionnels d\u2019information, de soins, d\u2019accompagnement, impliqu\u00e9s dans ces groupes. Par l\u2019utilisation du groupe comme outil d'accompagnement non guid\u00e9 entre deux entretiens pour les professionnels de sant\u00e9. Dans cette enqu\u00eate, vous d\u00e9couvrirez derri\u00e8re les chiffres les visages de l'auto-support.","robots":{"index":"index","follow":"follow","max-snippet":"max-snippet:-1","max-image-preview":"max-image-preview:large","max-video-preview":"max-video-preview:-1"},"canonical":"https:\/\/jenefumeplus.org\/jnfp\/index.php\/2022\/01\/21\/rapport-denquete-2021-qui-sont-les-membres-de-jnfp-quel-interet-de-lauto-support\/","og_locale":"fr_FR","og_type":"article","og_title":"Rapport d'enqu\u00eate 2021 : Qui sont les membres de #JNFP ? Quel int\u00e9r\u00eat de l'auto-support? - Je ne fume plus ! #JNFP","og_description":"Espace d'information, de parole, nous souhaitons souligner le r\u00f4le que peut avoir l\u2019auto- support dans le parcours de sortie d\u2019addiction au tabac fum\u00e9 : par l\u2019empowerment des membres d\u2019un groupe, l\u2019apprentissage vers l\u2019autonomisation, accompagn\u00e9s par les pairs, les patients experts, et les professionnels d\u2019information, de soins, d\u2019accompagnement, impliqu\u00e9s dans ces groupes. Par l\u2019utilisation du groupe comme outil d'accompagnement non guid\u00e9 entre deux entretiens pour les professionnels de sant\u00e9. Dans cette enqu\u00eate, vous d\u00e9couvrirez derri\u00e8re les chiffres les visages de l'auto-support.","og_url":"https:\/\/jenefumeplus.org\/jnfp\/index.php\/2022\/01\/21\/rapport-denquete-2021-qui-sont-les-membres-de-jnfp-quel-interet-de-lauto-support\/","og_site_name":"Je ne fume plus ! #JNFP","article_published_time":"2022-01-21T11:42:56+00:00","article_modified_time":"2023-04-03T06:33:15+00:00","og_image":[{"width":1654,"height":2339,"url":"https:\/\/jenefumeplus.org\/jnfp\/wp-content\/uploads\/2022\/01\/1deCouv-Enquete-annuelle-JNFP-2021-comp.png","type":"image\/png"}],"author":"Fran\u00e7oise Gaudel","twitter_card":"summary_large_image","twitter_misc":{"\u00c9crit par":"Fran\u00e7oise Gaudel","Dur\u00e9e de lecture estim\u00e9e":"2 minutes"},"schema":{"@context":"https:\/\/schema.org","@graph":[{"@type":"Article","@id":"https:\/\/jenefumeplus.org\/jnfp\/index.php\/2022\/01\/21\/rapport-denquete-2021-qui-sont-les-membres-de-jnfp-quel-interet-de-lauto-support\/#article","isPartOf":{"@id":"https:\/\/jenefumeplus.org\/jnfp\/index.php\/2022\/01\/21\/rapport-denquete-2021-qui-sont-les-membres-de-jnfp-quel-interet-de-lauto-support\/"},"author":{"name":"Fran\u00e7oise Gaudel","@id":"https:\/\/jenefumeplus.org\/jnfp\/#\/schema\/person\/b243094f177ff05332a46cf757e895dd"},"headline":"Rapport d&#8217;enqu\u00eate 2021 : Qui sont les membres de #JNFP ? Quel int\u00e9r\u00eat de l&#8217;auto-support?","datePublished":"2022-01-21T11:42:56+00:00","dateModified":"2023-04-03T06:33:15+00:00","mainEntityOfPage":{"@id":"https:\/\/jenefumeplus.org\/jnfp\/index.php\/2022\/01\/21\/rapport-denquete-2021-qui-sont-les-membres-de-jnfp-quel-interet-de-lauto-support\/"},"wordCount":251,"publisher":{"@id":"https:\/\/jenefumeplus.org\/jnfp\/#organization"},"image":{"@id":"https:\/\/jenefumeplus.org\/jnfp\/index.php\/2022\/01\/21\/rapport-denquete-2021-qui-sont-les-membres-de-jnfp-quel-interet-de-lauto-support\/#primaryimage"},"thumbnailUrl":"https:\/\/jenefumeplus.org\/jnfp\/wp-content\/uploads\/2022\/01\/1deCouv-Enquete-annuelle-JNFP-2021-comp.png","inLanguage":"fr-FR"},{"@type":"WebPage","@id":"https:\/\/jenefumeplus.org\/jnfp\/index.php\/2022\/01\/21\/rapport-denquete-2021-qui-sont-les-membres-de-jnfp-quel-interet-de-lauto-support\/","url":"https:\/\/jenefumeplus.org\/jnfp\/index.php\/2022\/01\/21\/rapport-denquete-2021-qui-sont-les-membres-de-jnfp-quel-interet-de-lauto-support\/","name":"Rapport d'enqu\u00eate 2021 : Qui sont les membres de #JNFP ? Quel int\u00e9r\u00eat de l'auto-support? - Je ne fume plus ! #JNFP","isPartOf":{"@id":"https:\/\/jenefumeplus.org\/jnfp\/#website"},"primaryImageOfPage":{"@id":"https:\/\/jenefumeplus.org\/jnfp\/index.php\/2022\/01\/21\/rapport-denquete-2021-qui-sont-les-membres-de-jnfp-quel-interet-de-lauto-support\/#primaryimage"},"image":{"@id":"https:\/\/jenefumeplus.org\/jnfp\/index.php\/2022\/01\/21\/rapport-denquete-2021-qui-sont-les-membres-de-jnfp-quel-interet-de-lauto-support\/#primaryimage"},"thumbnailUrl":"https:\/\/jenefumeplus.org\/jnfp\/wp-content\/uploads\/2022\/01\/1deCouv-Enquete-annuelle-JNFP-2021-comp.png","datePublished":"2022-01-21T11:42:56+00:00","dateModified":"2023-04-03T06:33:15+00:00","description":"Espace d'information, de parole, nous souhaitons souligner le r\u00f4le que peut avoir l\u2019auto- support dans le parcours de sortie d\u2019addiction au tabac fum\u00e9 : par l\u2019empowerment des membres d\u2019un groupe, l\u2019apprentissage vers l\u2019autonomisation, accompagn\u00e9s par les pairs, les patients experts, et les professionnels d\u2019information, de soins, d\u2019accompagnement, impliqu\u00e9s dans ces groupes. Par l\u2019utilisation du groupe comme outil d'accompagnement non guid\u00e9 entre deux entretiens pour les professionnels de sant\u00e9. Dans cette enqu\u00eate, vous d\u00e9couvrirez derri\u00e8re les chiffres les visages de l'auto-support.","breadcrumb":{"@id":"https:\/\/jenefumeplus.org\/jnfp\/index.php\/2022\/01\/21\/rapport-denquete-2021-qui-sont-les-membres-de-jnfp-quel-interet-de-lauto-support\/#breadcrumb"},"inLanguage":"fr-FR","potentialAction":[{"@type":"ReadAction","target":["https:\/\/jenefumeplus.org\/jnfp\/index.php\/2022\/01\/21\/rapport-denquete-2021-qui-sont-les-membres-de-jnfp-quel-interet-de-lauto-support\/"]}]},{"@type":"ImageObject","inLanguage":"fr-FR","@id":"https:\/\/jenefumeplus.org\/jnfp\/index.php\/2022\/01\/21\/rapport-denquete-2021-qui-sont-les-membres-de-jnfp-quel-interet-de-lauto-support\/#primaryimage","url":"https:\/\/jenefumeplus.org\/jnfp\/wp-content\/uploads\/2022\/01\/1deCouv-Enquete-annuelle-JNFP-2021-comp.png","contentUrl":"https:\/\/jenefumeplus.org\/jnfp\/wp-content\/uploads\/2022\/01\/1deCouv-Enquete-annuelle-JNFP-2021-comp.png","width":1654,"height":2339},{"@type":"BreadcrumbList","@id":"https:\/\/jenefumeplus.org\/jnfp\/index.php\/2022\/01\/21\/rapport-denquete-2021-qui-sont-les-membres-de-jnfp-quel-interet-de-lauto-support\/#breadcrumb","itemListElement":[{"@type":"ListItem","position":1,"name":"Accueil","item":"https:\/\/jenefumeplus.org\/jnfp\/"},{"@type":"ListItem","position":2,"name":"Rapport d&rsquo;enqu\u00eate 2021 : Qui sont les membres de #JNFP ? Quel int\u00e9r\u00eat de l&rsquo;auto-support?"}]},{"@type":"WebSite","@id":"https:\/\/jenefumeplus.org\/jnfp\/#website","url":"https:\/\/jenefumeplus.org\/jnfp\/","name":"Je ne fume plus ! #JNFP","description":"Arr\u00eater de fumer, oui, mais pas tout-e seul-e !","publisher":{"@id":"https:\/\/jenefumeplus.org\/jnfp\/#organization"},"potentialAction":[{"@type":"SearchAction","target":{"@type":"EntryPoint","urlTemplate":"https:\/\/jenefumeplus.org\/jnfp\/?s={search_term_string}"},"query-input":{"@type":"PropertyValueSpecification","valueRequired":true,"valueName":"search_term_string"}}],"inLanguage":"fr-FR"},{"@type":"Organization","@id":"https:\/\/jenefumeplus.org\/jnfp\/#organization","name":"Je ne fume plus ! #JNFP","url":"https:\/\/jenefumeplus.org\/jnfp\/","logo":{"@type":"ImageObject","inLanguage":"fr-FR","@id":"https:\/\/jenefumeplus.org\/jnfp\/#\/schema\/logo\/image\/","url":"https:\/\/jenefumeplus.org\/jnfp\/wp-content\/uploads\/2023\/08\/cropped-Logo-JNFP-2069x702-2.png","contentUrl":"https:\/\/jenefumeplus.org\/jnfp\/wp-content\/uploads\/2023\/08\/cropped-Logo-JNFP-2069x702-2.png","width":2200,"height":701,"caption":"Je ne fume plus ! #JNFP"},"image":{"@id":"https:\/\/jenefumeplus.org\/jnfp\/#\/schema\/logo\/image\/"}},{"@type":"Person","@id":"https:\/\/jenefumeplus.org\/jnfp\/#\/schema\/person\/b243094f177ff05332a46cf757e895dd","name":"Fran\u00e7oise Gaudel","image":{"@type":"ImageObject","inLanguage":"fr-FR","@id":"https:\/\/secure.gravatar.com\/avatar\/e04ba3b4e4e65b1a2ce844992b2638f708981e806004c0f1d101d636427b2848?s=96&d=mm&r=g","url":"https:\/\/secure.gravatar.com\/avatar\/e04ba3b4e4e65b1a2ce844992b2638f708981e806004c0f1d101d636427b2848?s=96&d=mm&r=g","contentUrl":"https:\/\/secure.gravatar.com\/avatar\/e04ba3b4e4e65b1a2ce844992b2638f708981e806004c0f1d101d636427b2848?s=96&d=mm&r=g","caption":"Fran\u00e7oise Gaudel"},"url":"https:\/\/jenefumeplus.org\/jnfp\/index.php\/author\/fgaudel\/"}]}},"_links":{"self":[{"href":"https:\/\/jenefumeplus.org\/jnfp\/index.php\/wp-json\/wp\/v2\/posts\/715","targetHints":{"allow":["GET"]}}],"collection":[{"href":"https:\/\/jenefumeplus.org\/jnfp\/index.php\/wp-json\/wp\/v2\/posts"}],"about":[{"href":"https:\/\/jenefumeplus.org\/jnfp\/index.php\/wp-json\/wp\/v2\/types\/post"}],"author":[{"embeddable":true,"href":"https:\/\/jenefumeplus.org\/jnfp\/index.php\/wp-json\/wp\/v2\/users\/3"}],"replies":[{"embeddable":true,"href":"https:\/\/jenefumeplus.org\/jnfp\/index.php\/wp-json\/wp\/v2\/comments?post=715"}],"version-history":[{"count":2,"href":"https:\/\/jenefumeplus.org\/jnfp\/index.php\/wp-json\/wp\/v2\/posts\/715\/revisions"}],"predecessor-version":[{"id":720,"href":"https:\/\/jenefumeplus.org\/jnfp\/index.php\/wp-json\/wp\/v2\/posts\/715\/revisions\/720"}],"wp:featuredmedia":[{"embeddable":true,"href":"https:\/\/jenefumeplus.org\/jnfp\/index.php\/wp-json\/wp\/v2\/media\/723"}],"wp:attachment":[{"href":"https:\/\/jenefumeplus.org\/jnfp\/index.php\/wp-json\/wp\/v2\/media?parent=715"}],"wp:term":[{"taxonomy":"category","embeddable":true,"href":"https:\/\/jenefumeplus.org\/jnfp\/index.php\/wp-json\/wp\/v2\/categories?post=715"},{"taxonomy":"post_tag","embeddable":true,"href":"https:\/\/jenefumeplus.org\/jnfp\/index.php\/wp-json\/wp\/v2\/tags?post=715"}],"curies":[{"name":"wp","href":"https:\/\/api.w.org\/{rel}","templated":true}]}}