{"id":27,"date":"2021-04-23T10:00:00","date_gmt":"2021-04-23T08:00:00","guid":{"rendered":"https:\/\/jenefumeplus.org\/jnfp\/?p=27"},"modified":"2021-05-07T11:13:24","modified_gmt":"2021-05-07T09:13:24","slug":"le-projet-maillage","status":"publish","type":"post","link":"https:\/\/jenefumeplus.org\/jnfp\/index.php\/2021\/04\/23\/le-projet-maillage\/","title":{"rendered":"Le projet Maillage"},"content":{"rendered":"<div class='w3eden'><!-- WPDM Link Template: Default Template -->\n\n<div class=\"link-template-default card mb-2\">\n    <div class=\"card-body\">\n        <div class=\"media\">\n            <div class=\"mr-3 img-48\"><img decoding=\"async\" class=\"wpdm_icon\" alt=\"Ic\u00f4ne\" src=\"https:\/\/jenefumeplus.org\/jnfp\/wp-content\/plugins\/download-manager\/assets\/file-type-icons\/pdf.svg\" \/><\/div>\n            <div class=\"media-body\">\n                <h3 class=\"package-title\"><a href='https:\/\/jenefumeplus.org\/jnfp\/index.php\/download\/patients-experts-addictions-en-bretagne-mettre-en-place-un-maillage-de-competences\/'>Patients-Experts Addictions en Bretagne : mettre en place un maillage de comp\u00e9tences<\/a><\/h3>\n                <div class=\"text-muted text-small\"><i class=\"fas fa-copy\"><\/i> 1 fichier\u00b7s <i class=\"fas fa-hdd ml-3\"><\/i> 125.30 KB<\/div>\n            <\/div>\n            <div class=\"ml-3\">\n                <a class='wpdm-download-link download-on-click btn btn-primary ' rel='nofollow' href='#' data-downloadurl=\"https:\/\/jenefumeplus.org\/jnfp\/index.php\/download\/patients-experts-addictions-en-bretagne-mettre-en-place-un-maillage-de-competences\/?wpdmdl=24&refresh=69f4cb1d58a4c1777650461\">T\u00e9l\u00e9charger<\/a>\n            <\/div>\n        <\/div>\n    <\/div>\n<\/div>\n\n<\/div>\n\n\n\n<p><br><\/p>\n\n\n\n<p>Disposer d\u2019un maillage territorial de Patients-Experts addictions, d\u2019abord pour le tabac, car il s\u2019agit l\u00e0 du domaine de comp\u00e9tence le moins repr\u00e9sent\u00e9 parmi les Patients-Experts au niveau national avec des besoins des \u00e9tablissements et structures d\u2019accompagnement peu d\u00e9finis.<br>D\u00e9ployer ce maillage territorial pour l\u2019alcool, le cannabis et la coca\u00efne, \u00e0 g\u00e9n\u00e9raliser \u00e0 l\u2019ensemble des addictions li\u00e9es \u00e0 des produits ou des comportements.<\/p>\n\n\n\n<p>Il s\u2019agit d&#8217;asseoir une interconnaissance permettant des \u00e9changes de pratiques, la mobilisation r\u00e9gionale de comp\u00e9tences sp\u00e9cifiques sans redondance, une forme d\u2019auto-r\u00e9gulation des Patients-Experts Addictions, une s\u00e9curit\u00e9 pour les structures qui y feront appel.<\/p>\n\n\n\n<p>In fine, ces Patients-Experts Addictions en r\u00e9seau doivent pouvoir contribuer \u00e0 r\u00e9duire le Treatment Gap et le d\u00e9crochage (rupture de parcours de soins) par une m\u00e9diation entre la population addict et les soignants. Aspect qui devra \u00eatre v\u00e9rifi\u00e9 par l\u2019\u00e9valuation externe.<\/p>\n\n\n\n<p>Il s\u2019agit de disposer \u00e0 l\u2019issue de la mise en oeuvre des actions :<\/p>\n\n\n\n<ul class=\"wp-block-list\"><li>d\u2019un maillage territorial r\u00e9gional harmonieux de patients experts addictions, et adapt\u00e9 aux besoins identifi\u00e9s,<\/li><li>d\u2019une \u00ab langue commune \u00bb entre les patients-experts addictions issus d\u2019une exp\u00e9rience addictive h\u00e9t\u00e9rog\u00e8ne,<\/li><li>d\u2019un r\u00e9seau de patients-experts addictions en mesure d\u2019\u00e9changer sur leurs pratiques et de s\u2019int\u00e9grer dans le cadre d\u2019actions ou de besoins sp\u00e9cifiques des \u00e9tablissements de pr\u00e9vention ou de soin.<\/li><li>s\u2019appuyant sur l\u2019animation d\u2019une plateforme collaborative en ligne.<\/li><\/ul>\n\n\n\n<p>Nous souhaitons impliquer l\u2019ensemble des acteurs de la prise en charge et l\u2019accompagnement : les structures de soin en addictologie, les associations de patients, les communaut\u00e9s th\u00e9rapeutiques, sans oublier les associations professionnelles et les structures de r\u00e9gulation de sant\u00e9 publique.<\/p>\n\n\n\n<p>Le projet part donc de l\u2019existant, structures&nbsp; en addictologie\/tabacologie\/ pr\u00e9vention d\u2019une part, associations de patients d\u2019autre part, pour identifier une premi\u00e8re population de patients potentiellement experts, en mesure de suivre le parcours de <a href=\"https:\/\/drive.google.com\/open?id=15AsNdttR8doTXBy3-GmXFFF4pvRqKS9N\">certification \u201cPatient-Expert addictions<\/a>\u201d, port\u00e9 par <a href=\"https:\/\/www.fpea.fr\/accueil\/\">France Patients-Experts Addictions <\/a>(d\u00e9pos\u00e9 \u00e0 France Comp\u00e9tences) et un ensemble de tuteurs en mesure de les accompagner.<\/p>\n\n\n\n<p>L\u2019id\u00e9e est de permettre \u00e0 ces patients identifi\u00e9s par leur action de support aux usagers dans les structures, les associations et les groupes d\u2019entraide d\u2019acc\u00e9der \u00e0 une <a href=\"https:\/\/drive.google.com\/open?id=1iVR1_50oIluB6h38XEip_31jfkMVF6pS\">formation et une certification patients-experts<\/a>, pour une insertion pertinente, p\u00e9renne et garante de qualit\u00e9 et de s\u00e9curit\u00e9 d\u2019intervention dans les \u00e9quipes et les dispositifs, tout au long des parcours de pr\u00e9vention et de soins. On veillera \u00e9galement \u00e0 pr\u00e9parer l\u2019accueil des patients-experts dans les institutions et les dispositifs, par des actions d\u2019appropriation par les \u00e9quipes en place.<br><br>L\u2019objectif du projet est donc double:<br>&#8211; Disposer d\u2019un \u201cvivier\u201d de&nbsp; patients-experts addictions \u00e0 deux niveaux, <a href=\"https:\/\/drive.google.com\/open?id=1QGYmfcYH6jdXfuTj435rcxMN-rMaK_Aj\">t\u00e9moins ou certifi\u00e9s<\/a>. Les Patients-Experts Addictionsvt\u00e9moins sont porteurs d\u2019une analyse de leur parcours propre et peuvent en apporter t\u00e9moignage aupr\u00e8s de leurs pairs. Ils ont suivi des formations, notamment en \u00c9ducation th\u00e9rapeutique du patient et en addictologie.<br>Les Patients-Experts Addictions certifi\u00e9s sont \u00e0 m\u00eame d\u2019accompagner au mieux le consommateur addict sur le chemin de la r\u00e9duction des risques et du sevrage, de participer aux projets des structures d\u2019accompagnement sanitaires et sociales autour des addictions, et \u00e0 l\u2019am\u00e9lioration du parcours de soins et d\u2019accompagnement social, de participer en apportant son point de vue de patient \u00e0 la r\u00e9flexion autour de la politique de pr\u00e9vention, de soins et d\u2019accompagnement.<br><br>&#8211; Disposer d\u2019une plateforme collaborative en ligne identifi\u00e9e sur le territoire de la Bretagne, o\u00f9 \u00e9changent : les structures de soins et d\u2019accompagnement, les organisations de patients, associations et groupes d\u2019entraide, les Patients-Experts addictions, les acteurs institutionnels en sant\u00e9<\/p>\n","protected":false},"excerpt":{"rendered":"<p>Disposer d\u2019un maillage territorial de Patients-Experts addictions, d\u2019abord pour le tabac, car il s\u2019agit l\u00e0 du domaine de comp\u00e9tence le moins repr\u00e9sent\u00e9 parmi les Patients-Experts au niveau national avec des besoins des \u00e9tablissements et structures d\u2019accompagnement peu d\u00e9finis.D\u00e9ployer ce maillage territorial pour l\u2019alcool, le cannabis et la coca\u00efne, \u00e0 g\u00e9n\u00e9raliser \u00e0 l\u2019ensemble des addictions li\u00e9es&#8230;<\/p>\n","protected":false},"author":1,"featured_media":0,"comment_status":"open","ping_status":"open","sticky":false,"template":"","format":"standard","meta":{"iawp_total_views":1,"footnotes":""},"categories":[82],"tags":[],"class_list":["post-27","post","type-post","status-publish","format-standard","hentry","category-projets"],"yoast_head":"<!-- This site is optimized with the Yoast SEO plugin v27.5 - https:\/\/yoast.com\/product\/yoast-seo-wordpress\/ -->\n<title>Le projet Maillage - Je ne fume plus ! #JNFP<\/title>\n<meta name=\"robots\" content=\"index, follow, max-snippet:-1, max-image-preview:large, max-video-preview:-1\" \/>\n<link rel=\"canonical\" href=\"https:\/\/jenefumeplus.org\/jnfp\/index.php\/2021\/04\/23\/le-projet-maillage\/\" \/>\n<meta property=\"og:locale\" content=\"fr_FR\" \/>\n<meta property=\"og:type\" content=\"article\" \/>\n<meta property=\"og:title\" content=\"Le projet Maillage - Je ne fume plus ! #JNFP\" \/>\n<meta property=\"og:description\" content=\"Disposer d\u2019un maillage territorial de Patients-Experts addictions, d\u2019abord pour le tabac, car il s\u2019agit l\u00e0 du domaine de comp\u00e9tence le moins repr\u00e9sent\u00e9 parmi les Patients-Experts au niveau national avec des besoins des \u00e9tablissements et structures d\u2019accompagnement peu d\u00e9finis.D\u00e9ployer ce maillage territorial pour l\u2019alcool, le cannabis et la coca\u00efne, \u00e0 g\u00e9n\u00e9raliser \u00e0 l\u2019ensemble des addictions li\u00e9es...\" \/>\n<meta property=\"og:url\" content=\"https:\/\/jenefumeplus.org\/jnfp\/index.php\/2021\/04\/23\/le-projet-maillage\/\" \/>\n<meta property=\"og:site_name\" content=\"Je ne fume plus ! #JNFP\" \/>\n<meta property=\"article:published_time\" content=\"2021-04-23T08:00:00+00:00\" \/>\n<meta property=\"article:modified_time\" content=\"2021-05-07T09:13:24+00:00\" \/>\n<meta name=\"author\" content=\"jnfp_rootman\" \/>\n<meta name=\"twitter:card\" content=\"summary_large_image\" \/>\n<meta name=\"twitter:label1\" content=\"\u00c9crit par\" \/>\n\t<meta name=\"twitter:data1\" content=\"jnfp_rootman\" \/>\n\t<meta name=\"twitter:label2\" content=\"Dur\u00e9e de lecture estim\u00e9e\" \/>\n\t<meta name=\"twitter:data2\" content=\"3 minutes\" \/>\n<script type=\"application\/ld+json\" class=\"yoast-schema-graph\">{\"@context\":\"https:\\\/\\\/schema.org\",\"@graph\":[{\"@type\":\"Article\",\"@id\":\"https:\\\/\\\/jenefumeplus.org\\\/jnfp\\\/index.php\\\/2021\\\/04\\\/23\\\/le-projet-maillage\\\/#article\",\"isPartOf\":{\"@id\":\"https:\\\/\\\/jenefumeplus.org\\\/jnfp\\\/index.php\\\/2021\\\/04\\\/23\\\/le-projet-maillage\\\/\"},\"author\":{\"name\":\"jnfp_rootman\",\"@id\":\"https:\\\/\\\/jenefumeplus.org\\\/jnfp\\\/#\\\/schema\\\/person\\\/17ebb0813e8fb4aacf2580e75766b18b\"},\"headline\":\"Le projet Maillage\",\"datePublished\":\"2021-04-23T08:00:00+00:00\",\"dateModified\":\"2021-05-07T09:13:24+00:00\",\"mainEntityOfPage\":{\"@id\":\"https:\\\/\\\/jenefumeplus.org\\\/jnfp\\\/index.php\\\/2021\\\/04\\\/23\\\/le-projet-maillage\\\/\"},\"wordCount\":646,\"commentCount\":0,\"publisher\":{\"@id\":\"https:\\\/\\\/jenefumeplus.org\\\/jnfp\\\/#organization\"},\"articleSection\":[\"Projets\"],\"inLanguage\":\"fr-FR\",\"potentialAction\":[{\"@type\":\"CommentAction\",\"name\":\"Comment\",\"target\":[\"https:\\\/\\\/jenefumeplus.org\\\/jnfp\\\/index.php\\\/2021\\\/04\\\/23\\\/le-projet-maillage\\\/#respond\"]}]},{\"@type\":\"WebPage\",\"@id\":\"https:\\\/\\\/jenefumeplus.org\\\/jnfp\\\/index.php\\\/2021\\\/04\\\/23\\\/le-projet-maillage\\\/\",\"url\":\"https:\\\/\\\/jenefumeplus.org\\\/jnfp\\\/index.php\\\/2021\\\/04\\\/23\\\/le-projet-maillage\\\/\",\"name\":\"Le projet Maillage - Je ne fume plus ! #JNFP\",\"isPartOf\":{\"@id\":\"https:\\\/\\\/jenefumeplus.org\\\/jnfp\\\/#website\"},\"datePublished\":\"2021-04-23T08:00:00+00:00\",\"dateModified\":\"2021-05-07T09:13:24+00:00\",\"breadcrumb\":{\"@id\":\"https:\\\/\\\/jenefumeplus.org\\\/jnfp\\\/index.php\\\/2021\\\/04\\\/23\\\/le-projet-maillage\\\/#breadcrumb\"},\"inLanguage\":\"fr-FR\",\"potentialAction\":[{\"@type\":\"ReadAction\",\"target\":[\"https:\\\/\\\/jenefumeplus.org\\\/jnfp\\\/index.php\\\/2021\\\/04\\\/23\\\/le-projet-maillage\\\/\"]}]},{\"@type\":\"BreadcrumbList\",\"@id\":\"https:\\\/\\\/jenefumeplus.org\\\/jnfp\\\/index.php\\\/2021\\\/04\\\/23\\\/le-projet-maillage\\\/#breadcrumb\",\"itemListElement\":[{\"@type\":\"ListItem\",\"position\":1,\"name\":\"Accueil\",\"item\":\"https:\\\/\\\/jenefumeplus.org\\\/jnfp\\\/\"},{\"@type\":\"ListItem\",\"position\":2,\"name\":\"Le projet Maillage\"}]},{\"@type\":\"WebSite\",\"@id\":\"https:\\\/\\\/jenefumeplus.org\\\/jnfp\\\/#website\",\"url\":\"https:\\\/\\\/jenefumeplus.org\\\/jnfp\\\/\",\"name\":\"Je ne fume plus ! #JNFP\",\"description\":\"Arr\u00eater de fumer, oui, mais pas tout-e seul-e !\",\"publisher\":{\"@id\":\"https:\\\/\\\/jenefumeplus.org\\\/jnfp\\\/#organization\"},\"potentialAction\":[{\"@type\":\"SearchAction\",\"target\":{\"@type\":\"EntryPoint\",\"urlTemplate\":\"https:\\\/\\\/jenefumeplus.org\\\/jnfp\\\/?s={search_term_string}\"},\"query-input\":{\"@type\":\"PropertyValueSpecification\",\"valueRequired\":true,\"valueName\":\"search_term_string\"}}],\"inLanguage\":\"fr-FR\"},{\"@type\":\"Organization\",\"@id\":\"https:\\\/\\\/jenefumeplus.org\\\/jnfp\\\/#organization\",\"name\":\"Je ne fume plus ! #JNFP\",\"url\":\"https:\\\/\\\/jenefumeplus.org\\\/jnfp\\\/\",\"logo\":{\"@type\":\"ImageObject\",\"inLanguage\":\"fr-FR\",\"@id\":\"https:\\\/\\\/jenefumeplus.org\\\/jnfp\\\/#\\\/schema\\\/logo\\\/image\\\/\",\"url\":\"https:\\\/\\\/jenefumeplus.org\\\/jnfp\\\/wp-content\\\/uploads\\\/2023\\\/08\\\/cropped-Logo-JNFP-2069x702-2.png\",\"contentUrl\":\"https:\\\/\\\/jenefumeplus.org\\\/jnfp\\\/wp-content\\\/uploads\\\/2023\\\/08\\\/cropped-Logo-JNFP-2069x702-2.png\",\"width\":2200,\"height\":701,\"caption\":\"Je ne fume plus ! #JNFP\"},\"image\":{\"@id\":\"https:\\\/\\\/jenefumeplus.org\\\/jnfp\\\/#\\\/schema\\\/logo\\\/image\\\/\"}},{\"@type\":\"Person\",\"@id\":\"https:\\\/\\\/jenefumeplus.org\\\/jnfp\\\/#\\\/schema\\\/person\\\/17ebb0813e8fb4aacf2580e75766b18b\",\"name\":\"jnfp_rootman\",\"image\":{\"@type\":\"ImageObject\",\"inLanguage\":\"fr-FR\",\"@id\":\"https:\\\/\\\/secure.gravatar.com\\\/avatar\\\/1de74b9a65890a3d386545f909dcb7642d9de5d98f41762bf62becb1cb2b1c76?s=96&d=mm&r=g\",\"url\":\"https:\\\/\\\/secure.gravatar.com\\\/avatar\\\/1de74b9a65890a3d386545f909dcb7642d9de5d98f41762bf62becb1cb2b1c76?s=96&d=mm&r=g\",\"contentUrl\":\"https:\\\/\\\/secure.gravatar.com\\\/avatar\\\/1de74b9a65890a3d386545f909dcb7642d9de5d98f41762bf62becb1cb2b1c76?s=96&d=mm&r=g\",\"caption\":\"jnfp_rootman\"},\"sameAs\":[\"https:\\\/\\\/jenefumeplus.org\\\/jnfp\"],\"url\":\"https:\\\/\\\/jenefumeplus.org\\\/jnfp\\\/index.php\\\/author\\\/jnfp_rootman\\\/\"}]}<\/script>\n<!-- \/ Yoast SEO plugin. -->","yoast_head_json":{"title":"Le projet Maillage - Je ne fume plus ! #JNFP","robots":{"index":"index","follow":"follow","max-snippet":"max-snippet:-1","max-image-preview":"max-image-preview:large","max-video-preview":"max-video-preview:-1"},"canonical":"https:\/\/jenefumeplus.org\/jnfp\/index.php\/2021\/04\/23\/le-projet-maillage\/","og_locale":"fr_FR","og_type":"article","og_title":"Le projet Maillage - Je ne fume plus ! #JNFP","og_description":"Disposer d\u2019un maillage territorial de Patients-Experts addictions, d\u2019abord pour le tabac, car il s\u2019agit l\u00e0 du domaine de comp\u00e9tence le moins repr\u00e9sent\u00e9 parmi les Patients-Experts au niveau national avec des besoins des \u00e9tablissements et structures d\u2019accompagnement peu d\u00e9finis.D\u00e9ployer ce maillage territorial pour l\u2019alcool, le cannabis et la coca\u00efne, \u00e0 g\u00e9n\u00e9raliser \u00e0 l\u2019ensemble des addictions li\u00e9es...","og_url":"https:\/\/jenefumeplus.org\/jnfp\/index.php\/2021\/04\/23\/le-projet-maillage\/","og_site_name":"Je ne fume plus ! #JNFP","article_published_time":"2021-04-23T08:00:00+00:00","article_modified_time":"2021-05-07T09:13:24+00:00","author":"jnfp_rootman","twitter_card":"summary_large_image","twitter_misc":{"\u00c9crit par":"jnfp_rootman","Dur\u00e9e de lecture estim\u00e9e":"3 minutes"},"schema":{"@context":"https:\/\/schema.org","@graph":[{"@type":"Article","@id":"https:\/\/jenefumeplus.org\/jnfp\/index.php\/2021\/04\/23\/le-projet-maillage\/#article","isPartOf":{"@id":"https:\/\/jenefumeplus.org\/jnfp\/index.php\/2021\/04\/23\/le-projet-maillage\/"},"author":{"name":"jnfp_rootman","@id":"https:\/\/jenefumeplus.org\/jnfp\/#\/schema\/person\/17ebb0813e8fb4aacf2580e75766b18b"},"headline":"Le projet Maillage","datePublished":"2021-04-23T08:00:00+00:00","dateModified":"2021-05-07T09:13:24+00:00","mainEntityOfPage":{"@id":"https:\/\/jenefumeplus.org\/jnfp\/index.php\/2021\/04\/23\/le-projet-maillage\/"},"wordCount":646,"commentCount":0,"publisher":{"@id":"https:\/\/jenefumeplus.org\/jnfp\/#organization"},"articleSection":["Projets"],"inLanguage":"fr-FR","potentialAction":[{"@type":"CommentAction","name":"Comment","target":["https:\/\/jenefumeplus.org\/jnfp\/index.php\/2021\/04\/23\/le-projet-maillage\/#respond"]}]},{"@type":"WebPage","@id":"https:\/\/jenefumeplus.org\/jnfp\/index.php\/2021\/04\/23\/le-projet-maillage\/","url":"https:\/\/jenefumeplus.org\/jnfp\/index.php\/2021\/04\/23\/le-projet-maillage\/","name":"Le projet Maillage - Je ne fume plus ! #JNFP","isPartOf":{"@id":"https:\/\/jenefumeplus.org\/jnfp\/#website"},"datePublished":"2021-04-23T08:00:00+00:00","dateModified":"2021-05-07T09:13:24+00:00","breadcrumb":{"@id":"https:\/\/jenefumeplus.org\/jnfp\/index.php\/2021\/04\/23\/le-projet-maillage\/#breadcrumb"},"inLanguage":"fr-FR","potentialAction":[{"@type":"ReadAction","target":["https:\/\/jenefumeplus.org\/jnfp\/index.php\/2021\/04\/23\/le-projet-maillage\/"]}]},{"@type":"BreadcrumbList","@id":"https:\/\/jenefumeplus.org\/jnfp\/index.php\/2021\/04\/23\/le-projet-maillage\/#breadcrumb","itemListElement":[{"@type":"ListItem","position":1,"name":"Accueil","item":"https:\/\/jenefumeplus.org\/jnfp\/"},{"@type":"ListItem","position":2,"name":"Le projet Maillage"}]},{"@type":"WebSite","@id":"https:\/\/jenefumeplus.org\/jnfp\/#website","url":"https:\/\/jenefumeplus.org\/jnfp\/","name":"Je ne fume plus ! #JNFP","description":"Arr\u00eater de fumer, oui, mais pas tout-e seul-e !","publisher":{"@id":"https:\/\/jenefumeplus.org\/jnfp\/#organization"},"potentialAction":[{"@type":"SearchAction","target":{"@type":"EntryPoint","urlTemplate":"https:\/\/jenefumeplus.org\/jnfp\/?s={search_term_string}"},"query-input":{"@type":"PropertyValueSpecification","valueRequired":true,"valueName":"search_term_string"}}],"inLanguage":"fr-FR"},{"@type":"Organization","@id":"https:\/\/jenefumeplus.org\/jnfp\/#organization","name":"Je ne fume plus ! #JNFP","url":"https:\/\/jenefumeplus.org\/jnfp\/","logo":{"@type":"ImageObject","inLanguage":"fr-FR","@id":"https:\/\/jenefumeplus.org\/jnfp\/#\/schema\/logo\/image\/","url":"https:\/\/jenefumeplus.org\/jnfp\/wp-content\/uploads\/2023\/08\/cropped-Logo-JNFP-2069x702-2.png","contentUrl":"https:\/\/jenefumeplus.org\/jnfp\/wp-content\/uploads\/2023\/08\/cropped-Logo-JNFP-2069x702-2.png","width":2200,"height":701,"caption":"Je ne fume plus ! #JNFP"},"image":{"@id":"https:\/\/jenefumeplus.org\/jnfp\/#\/schema\/logo\/image\/"}},{"@type":"Person","@id":"https:\/\/jenefumeplus.org\/jnfp\/#\/schema\/person\/17ebb0813e8fb4aacf2580e75766b18b","name":"jnfp_rootman","image":{"@type":"ImageObject","inLanguage":"fr-FR","@id":"https:\/\/secure.gravatar.com\/avatar\/1de74b9a65890a3d386545f909dcb7642d9de5d98f41762bf62becb1cb2b1c76?s=96&d=mm&r=g","url":"https:\/\/secure.gravatar.com\/avatar\/1de74b9a65890a3d386545f909dcb7642d9de5d98f41762bf62becb1cb2b1c76?s=96&d=mm&r=g","contentUrl":"https:\/\/secure.gravatar.com\/avatar\/1de74b9a65890a3d386545f909dcb7642d9de5d98f41762bf62becb1cb2b1c76?s=96&d=mm&r=g","caption":"jnfp_rootman"},"sameAs":["https:\/\/jenefumeplus.org\/jnfp"],"url":"https:\/\/jenefumeplus.org\/jnfp\/index.php\/author\/jnfp_rootman\/"}]}},"_links":{"self":[{"href":"https:\/\/jenefumeplus.org\/jnfp\/index.php\/wp-json\/wp\/v2\/posts\/27","targetHints":{"allow":["GET"]}}],"collection":[{"href":"https:\/\/jenefumeplus.org\/jnfp\/index.php\/wp-json\/wp\/v2\/posts"}],"about":[{"href":"https:\/\/jenefumeplus.org\/jnfp\/index.php\/wp-json\/wp\/v2\/types\/post"}],"author":[{"embeddable":true,"href":"https:\/\/jenefumeplus.org\/jnfp\/index.php\/wp-json\/wp\/v2\/users\/1"}],"replies":[{"embeddable":true,"href":"https:\/\/jenefumeplus.org\/jnfp\/index.php\/wp-json\/wp\/v2\/comments?post=27"}],"version-history":[{"count":2,"href":"https:\/\/jenefumeplus.org\/jnfp\/index.php\/wp-json\/wp\/v2\/posts\/27\/revisions"}],"predecessor-version":[{"id":29,"href":"https:\/\/jenefumeplus.org\/jnfp\/index.php\/wp-json\/wp\/v2\/posts\/27\/revisions\/29"}],"wp:attachment":[{"href":"https:\/\/jenefumeplus.org\/jnfp\/index.php\/wp-json\/wp\/v2\/media?parent=27"}],"wp:term":[{"taxonomy":"category","embeddable":true,"href":"https:\/\/jenefumeplus.org\/jnfp\/index.php\/wp-json\/wp\/v2\/categories?post=27"},{"taxonomy":"post_tag","embeddable":true,"href":"https:\/\/jenefumeplus.org\/jnfp\/index.php\/wp-json\/wp\/v2\/tags?post=27"}],"curies":[{"name":"wp","href":"https:\/\/api.w.org\/{rel}","templated":true}]}}