{"id":228,"date":"2021-04-21T16:40:50","date_gmt":"2021-04-21T14:40:50","guid":{"rendered":"https:\/\/jenefumeplus.org\/jnfp\/?p=228"},"modified":"2021-04-23T11:21:51","modified_gmt":"2021-04-23T09:21:51","slug":"09-10-association-oui-ou-non","status":"publish","type":"post","link":"https:\/\/jenefumeplus.org\/jnfp\/index.php\/2021\/04\/21\/09-10-association-oui-ou-non\/","title":{"rendered":"09.10 Association: oui ou non?"},"content":{"rendered":"\n<p>Nous avons vu les substituts nicotiniques et les diff\u00e9rents traitements m\u00e9dicamenteux agr\u00e9\u00e9s pour le sevrage tabagique\u2026 Mais qu\u2019en est-il de leur association ?<\/p>\n\n\n\n<p><strong>Un mois sans tabac multiplie par cinq les chances d\u2019arr\u00eater de fumer d\u00e9finitivement.<\/strong><br>Apr\u00e8s 30 jours d\u2019abstinence, la d\u00e9pendance s\u2019av\u00e8re bien moins forte et les sympt\u00f4mes de manque (nervosit\u00e9, irritabilit\u00e9) sont moins pr\u00e9sents.&nbsp;<\/p>\n\n\n\n<ul class=\"wp-block-list\"><li><a href=\"https:\/\/www.santepubliquefrance.fr\/presse\/2020\/moissanstabac-le-defi-commence-maintenant\" target=\"_blank\" rel=\"noreferrer noopener\">santepubliquefrance.fr&nbsp;<\/a><\/li><li><a href=\"https:\/\/www.francebleu.fr\/vie-quotidienne\/evenements\/france-bleu-gard-lozere-et-le-chu-de-nimes-se-mobilisent-pour-le-moi-s-sans-tabac\" target=\"_blank\" rel=\"noreferrer noopener\">le moi-s sans tabac<\/a><\/li><\/ul>\n\n\n\n<p>Les substituts nicotiniques (TSN) augmentent vos chances d\u2019arr\u00eater le tabac de 50 \u00e0 70<strong> %&nbsp;<\/strong>et sont rembours\u00e9s \u00e0 65 % par l\u2019Assurance Maladie (en France sur prescription). <a href=\"https:\/\/www.ameli.fr\/assure\/remboursements\/rembourse\/medicaments-vaccins-dispositifs-medicaux\/prise-charge-substituts-nicotiniques\" target=\"_blank\" rel=\"noreferrer noopener\">Ameli.fr<\/a><\/p>\n\n\n\n<p class=\"has-text-align-center has-vivid-cyan-blue-color has-text-color has-medium-font-size\">Patch et Substituts Oraux<\/p>\n\n\n\n<p>Le patch devrait \u00eatre obligatoirement prescrit avec une forme orale (gommes\/pastilles\/comprim\u00e9s\/inhaleur\/spray) et\/ou utilis\u00e9 avec le vaporisateur personnel (vape). Associer une forme lente et une forme rapide est plus efficace, elles sont compl\u00e9mentaires et leur&nbsp;<strong>utilisation conjointe am\u00e9liore les chances de r\u00e9ussite de 34%<\/strong>.<a href=\"https:\/\/pubmed.ncbi.nlm.nih.gov\/20008701\/\" target=\"_blank\" rel=\"noreferrer noopener\">Smith SS. Arch Intern Med 2009<\/a>&nbsp;et&nbsp;<a href=\"https:\/\/www.cochranelibrary.com\/cdsr\/doi\/10.1002\/14651858.CD000146.pub3\/abstract\/fr?contentLanguage=fr\">Cochrane<\/a><\/p>\n\n\n\n<p class=\"has-text-align-center has-vivid-cyan-blue-color has-text-color has-medium-font-size\">Patch + Vape<\/p>\n\n\n\n<p>Associer Patch et Vaporisateur Personnel de Nicotine (VPN, Vape\u2026) avec des liquides contenant de la nicotine augmente les chances de succ\u00e8s dans l\u2019arr\u00eat du tabac.<\/p>\n\n\n\n<p><a href=\"https:\/\/www.thelancet.com\/journals\/lanres\/article\/PIIS2213-2600(19)30269-3\/fulltext\" target=\"_blank\" rel=\"noreferrer noopener\">The Lancet<\/a><\/p>\n\n\n\n<p class=\"has-text-align-center has-vivid-cyan-blue-color has-text-color has-medium-font-size\">TSN + Var\u00e9nicline<\/p>\n\n\n\n<p>La var\u00e9nicline en association avec les TSN s&#8217;est av\u00e9r\u00e9e plus efficace que la var\u00e9nicline seule pour parvenir \u00e0 l&#8217;abstinence tabagique \u00e0 12 semaines (fin du traitement) et \u00e0 6 mois.<\/p>\n\n\n\n<p><a href=\"https:\/\/jamanetwork.com\/journals\/jama\/fullarticle\/1886188\" target=\"_blank\" rel=\"noreferrer noopener\">Jama Network<\/a><\/p>\n\n\n\n<p class=\"has-text-align-center has-vivid-cyan-blue-color has-text-color has-medium-font-size\">TSN + bupropion<\/p>\n\n\n\n<p>Pas d\u2019efficacit\u00e9 d\u00e9montr\u00e9e dans cette association.&nbsp;<a href=\"https:\/\/www.cochranelibrary.com\/cdsr\/doi\/10.1002\/14651858.CD000146.pub3\/abstract\/fr\" target=\"_blank\" rel=\"noreferrer noopener\">Stead et al. 2008<\/a>Sauf dans une seule \u00e9tude&nbsp;<a href=\"https:\/\/pubmed.ncbi.nlm.nih.gov\/20008701\/\" target=\"_blank\" rel=\"noreferrer noopener\">Pubmed<\/a><\/p>\n\n\n\n<p class=\"has-text-align-center has-vivid-cyan-blue-color has-text-color has-medium-font-size\">Rappel<\/p>\n\n\n\n<ul class=\"wp-block-list\"><li>Il n\u2019y a pas de contre-indication \u00e0 l\u2019utilisation d\u2019un traitement substitutif nicotinique au cours de la grossesse.&nbsp;<a href=\"https:\/\/ansm.sante.fr\/var\/ansm_site\/storage\/original\/application\/f437790c249beb646b101e76bb0127eb.pdf\" target=\"_blank\" rel=\"noreferrer noopener\">Recommandations AFSSAPS<\/a><\/li><li>Il n\u2019y a pas de contre-indication \u00e0 l\u2019utilisation d\u2019un traitement substitutif nicotinique chez les patients cardiaques, sauf avis m\u00e9dical contraire (<a href=\"https:\/\/www.has-sante.fr\/upload\/docs\/application\/pdf\/scatabac_synthese_biblio.pdf\" target=\"_blank\" rel=\"noreferrer noopener\">Synth\u00e8se HAS<\/a>).<\/li><li>\u00ab Les substituts nicotiniques augmentent le taux d&#8217;abandon du tabac de <strong>50 \u00e0 70%<\/strong> \u00bb (<a href=\"https:\/\/pubmed.ncbi.nlm.nih.gov\/23152200\/\" target=\"_blank\" rel=\"noreferrer noopener\">lien<\/a>)<\/li><li>L\u2019association de plusieurs substituts au lieu d\u2019un seul augmente de <strong>34%<\/strong> les chances de r\u00e9ussite.&nbsp;<a href=\"https:\/\/pubmed.ncbi.nlm.nih.gov\/20008701\/\" target=\"_blank\" rel=\"noreferrer noopener\">Smith SS. Arch Intern Med 2009<\/a><\/li><li>En France, la prise en charge des substituts nicotiniques prescrits par un professionnel de sant\u00e9 est de <strong>65%<\/strong> et b\u00e9n\u00e9ficie du tiers payant. L\u2019inhaleur n\u2019est pas rembours\u00e9, la liste des substituts rembours\u00e9s est ici :&nbsp;<a href=\"https:\/\/www.ameli.fr\/sites\/default\/files\/Documents\/441422\/document\/liste-substituts-nicotiniques_assurance-maladie_septembre_2020.pdf\" target=\"_blank\" rel=\"noreferrer noopener\">ameli.fr<\/a><\/li><\/ul>\n\n\n\n<p>Ces notions sont tr\u00e8s importantes. En effet, beaucoup de personnes h\u00e9sitent encore \u00e0 utiliser les produits de substitution nicotinique par crainte de cons\u00e9quences n\u00e9gatives.<\/p>\n\n\n\n<p class=\"has-text-align-center has-vivid-cyan-blue-color has-text-color has-medium-font-size\">Conclusion<\/p>\n\n\n\n<p>En r\u00e9sum\u00e9, une bonne substitution et l\u2019association de plusieurs formes y compris la vape am\u00e9liorent grandement vos chances de d\u00e9fume.<\/p>\n","protected":false},"excerpt":{"rendered":"<p>Nous avons vu les substituts nicotiniques et les diff\u00e9rents traitements m\u00e9dicamenteux agr\u00e9\u00e9s pour le sevrage tabagique\u2026 Mais qu\u2019en est-il de leur association ?<\/p>\n","protected":false},"author":1,"featured_media":478,"comment_status":"closed","ping_status":"closed","sticky":false,"template":"","format":"standard","meta":{"iawp_total_views":20,"footnotes":""},"categories":[9,39],"tags":[50,10],"class_list":["post-228","post","type-post","status-publish","format-standard","has-post-thumbnail","hentry","category-le-sachiez-vous","category-les-methodes-outils","tag-association-oui-ou-non","tag-lsv-le-sachiez-vous"],"yoast_head":"<!-- This site is optimized with the Yoast SEO plugin v27.5 - https:\/\/yoast.com\/product\/yoast-seo-wordpress\/ -->\n<title>09.10 Association: oui ou non? - Je ne fume plus ! #JNFP<\/title>\n<meta name=\"robots\" content=\"index, follow, max-snippet:-1, max-image-preview:large, max-video-preview:-1\" \/>\n<link rel=\"canonical\" href=\"https:\/\/jenefumeplus.org\/jnfp\/index.php\/2021\/04\/21\/09-10-association-oui-ou-non\/\" \/>\n<meta property=\"og:locale\" content=\"fr_FR\" \/>\n<meta property=\"og:type\" content=\"article\" \/>\n<meta property=\"og:title\" content=\"09.10 Association: oui ou non? - Je ne fume plus ! #JNFP\" \/>\n<meta property=\"og:description\" content=\"Nous avons vu les substituts nicotiniques et les diff\u00e9rents traitements m\u00e9dicamenteux agr\u00e9\u00e9s pour le sevrage tabagique\u2026 Mais qu\u2019en est-il de leur association ?\" \/>\n<meta property=\"og:url\" content=\"https:\/\/jenefumeplus.org\/jnfp\/index.php\/2021\/04\/21\/09-10-association-oui-ou-non\/\" \/>\n<meta property=\"og:site_name\" content=\"Je ne fume plus ! #JNFP\" \/>\n<meta property=\"article:published_time\" content=\"2021-04-21T14:40:50+00:00\" \/>\n<meta property=\"article:modified_time\" content=\"2021-04-23T09:21:51+00:00\" \/>\n<meta property=\"og:image\" content=\"https:\/\/jenefumeplus.org\/jnfp\/wp-content\/uploads\/2021\/04\/17.png\" \/>\n\t<meta property=\"og:image:width\" content=\"3699\" \/>\n\t<meta property=\"og:image:height\" content=\"1962\" \/>\n\t<meta property=\"og:image:type\" content=\"image\/png\" \/>\n<meta name=\"author\" content=\"jnfp_rootman\" \/>\n<meta name=\"twitter:card\" content=\"summary_large_image\" \/>\n<meta name=\"twitter:label1\" content=\"\u00c9crit par\" \/>\n\t<meta name=\"twitter:data1\" content=\"jnfp_rootman\" \/>\n\t<meta name=\"twitter:label2\" content=\"Dur\u00e9e de lecture estim\u00e9e\" \/>\n\t<meta name=\"twitter:data2\" content=\"2 minutes\" \/>\n<script type=\"application\/ld+json\" class=\"yoast-schema-graph\">{\"@context\":\"https:\\\/\\\/schema.org\",\"@graph\":[{\"@type\":\"Article\",\"@id\":\"https:\\\/\\\/jenefumeplus.org\\\/jnfp\\\/index.php\\\/2021\\\/04\\\/21\\\/09-10-association-oui-ou-non\\\/#article\",\"isPartOf\":{\"@id\":\"https:\\\/\\\/jenefumeplus.org\\\/jnfp\\\/index.php\\\/2021\\\/04\\\/21\\\/09-10-association-oui-ou-non\\\/\"},\"author\":{\"name\":\"jnfp_rootman\",\"@id\":\"https:\\\/\\\/jenefumeplus.org\\\/jnfp\\\/#\\\/schema\\\/person\\\/17ebb0813e8fb4aacf2580e75766b18b\"},\"headline\":\"09.10 Association: oui ou non?\",\"datePublished\":\"2021-04-21T14:40:50+00:00\",\"dateModified\":\"2021-04-23T09:21:51+00:00\",\"mainEntityOfPage\":{\"@id\":\"https:\\\/\\\/jenefumeplus.org\\\/jnfp\\\/index.php\\\/2021\\\/04\\\/21\\\/09-10-association-oui-ou-non\\\/\"},\"wordCount\":440,\"publisher\":{\"@id\":\"https:\\\/\\\/jenefumeplus.org\\\/jnfp\\\/#organization\"},\"image\":{\"@id\":\"https:\\\/\\\/jenefumeplus.org\\\/jnfp\\\/index.php\\\/2021\\\/04\\\/21\\\/09-10-association-oui-ou-non\\\/#primaryimage\"},\"thumbnailUrl\":\"https:\\\/\\\/jenefumeplus.org\\\/jnfp\\\/wp-content\\\/uploads\\\/2021\\\/04\\\/17.png\",\"keywords\":[\"Association: oui ou non?\",\"Le sachiez-vous ?\"],\"articleSection\":[\"Le sachiez-vous ?\",\"Les m\u00e9thodes\\\/outils\"],\"inLanguage\":\"fr-FR\"},{\"@type\":\"WebPage\",\"@id\":\"https:\\\/\\\/jenefumeplus.org\\\/jnfp\\\/index.php\\\/2021\\\/04\\\/21\\\/09-10-association-oui-ou-non\\\/\",\"url\":\"https:\\\/\\\/jenefumeplus.org\\\/jnfp\\\/index.php\\\/2021\\\/04\\\/21\\\/09-10-association-oui-ou-non\\\/\",\"name\":\"09.10 Association: oui ou non? - Je ne fume plus ! #JNFP\",\"isPartOf\":{\"@id\":\"https:\\\/\\\/jenefumeplus.org\\\/jnfp\\\/#website\"},\"primaryImageOfPage\":{\"@id\":\"https:\\\/\\\/jenefumeplus.org\\\/jnfp\\\/index.php\\\/2021\\\/04\\\/21\\\/09-10-association-oui-ou-non\\\/#primaryimage\"},\"image\":{\"@id\":\"https:\\\/\\\/jenefumeplus.org\\\/jnfp\\\/index.php\\\/2021\\\/04\\\/21\\\/09-10-association-oui-ou-non\\\/#primaryimage\"},\"thumbnailUrl\":\"https:\\\/\\\/jenefumeplus.org\\\/jnfp\\\/wp-content\\\/uploads\\\/2021\\\/04\\\/17.png\",\"datePublished\":\"2021-04-21T14:40:50+00:00\",\"dateModified\":\"2021-04-23T09:21:51+00:00\",\"breadcrumb\":{\"@id\":\"https:\\\/\\\/jenefumeplus.org\\\/jnfp\\\/index.php\\\/2021\\\/04\\\/21\\\/09-10-association-oui-ou-non\\\/#breadcrumb\"},\"inLanguage\":\"fr-FR\",\"potentialAction\":[{\"@type\":\"ReadAction\",\"target\":[\"https:\\\/\\\/jenefumeplus.org\\\/jnfp\\\/index.php\\\/2021\\\/04\\\/21\\\/09-10-association-oui-ou-non\\\/\"]}]},{\"@type\":\"ImageObject\",\"inLanguage\":\"fr-FR\",\"@id\":\"https:\\\/\\\/jenefumeplus.org\\\/jnfp\\\/index.php\\\/2021\\\/04\\\/21\\\/09-10-association-oui-ou-non\\\/#primaryimage\",\"url\":\"https:\\\/\\\/jenefumeplus.org\\\/jnfp\\\/wp-content\\\/uploads\\\/2021\\\/04\\\/17.png\",\"contentUrl\":\"https:\\\/\\\/jenefumeplus.org\\\/jnfp\\\/wp-content\\\/uploads\\\/2021\\\/04\\\/17.png\",\"width\":3699,\"height\":1962},{\"@type\":\"BreadcrumbList\",\"@id\":\"https:\\\/\\\/jenefumeplus.org\\\/jnfp\\\/index.php\\\/2021\\\/04\\\/21\\\/09-10-association-oui-ou-non\\\/#breadcrumb\",\"itemListElement\":[{\"@type\":\"ListItem\",\"position\":1,\"name\":\"Accueil\",\"item\":\"https:\\\/\\\/jenefumeplus.org\\\/jnfp\\\/\"},{\"@type\":\"ListItem\",\"position\":2,\"name\":\"09.10 Association: oui ou non?\"}]},{\"@type\":\"WebSite\",\"@id\":\"https:\\\/\\\/jenefumeplus.org\\\/jnfp\\\/#website\",\"url\":\"https:\\\/\\\/jenefumeplus.org\\\/jnfp\\\/\",\"name\":\"Je ne fume plus ! #JNFP\",\"description\":\"Arr\u00eater de fumer, oui, mais pas tout-e seul-e !\",\"publisher\":{\"@id\":\"https:\\\/\\\/jenefumeplus.org\\\/jnfp\\\/#organization\"},\"potentialAction\":[{\"@type\":\"SearchAction\",\"target\":{\"@type\":\"EntryPoint\",\"urlTemplate\":\"https:\\\/\\\/jenefumeplus.org\\\/jnfp\\\/?s={search_term_string}\"},\"query-input\":{\"@type\":\"PropertyValueSpecification\",\"valueRequired\":true,\"valueName\":\"search_term_string\"}}],\"inLanguage\":\"fr-FR\"},{\"@type\":\"Organization\",\"@id\":\"https:\\\/\\\/jenefumeplus.org\\\/jnfp\\\/#organization\",\"name\":\"Je ne fume plus ! #JNFP\",\"url\":\"https:\\\/\\\/jenefumeplus.org\\\/jnfp\\\/\",\"logo\":{\"@type\":\"ImageObject\",\"inLanguage\":\"fr-FR\",\"@id\":\"https:\\\/\\\/jenefumeplus.org\\\/jnfp\\\/#\\\/schema\\\/logo\\\/image\\\/\",\"url\":\"https:\\\/\\\/jenefumeplus.org\\\/jnfp\\\/wp-content\\\/uploads\\\/2023\\\/08\\\/cropped-Logo-JNFP-2069x702-2.png\",\"contentUrl\":\"https:\\\/\\\/jenefumeplus.org\\\/jnfp\\\/wp-content\\\/uploads\\\/2023\\\/08\\\/cropped-Logo-JNFP-2069x702-2.png\",\"width\":2200,\"height\":701,\"caption\":\"Je ne fume plus ! #JNFP\"},\"image\":{\"@id\":\"https:\\\/\\\/jenefumeplus.org\\\/jnfp\\\/#\\\/schema\\\/logo\\\/image\\\/\"}},{\"@type\":\"Person\",\"@id\":\"https:\\\/\\\/jenefumeplus.org\\\/jnfp\\\/#\\\/schema\\\/person\\\/17ebb0813e8fb4aacf2580e75766b18b\",\"name\":\"jnfp_rootman\",\"image\":{\"@type\":\"ImageObject\",\"inLanguage\":\"fr-FR\",\"@id\":\"https:\\\/\\\/secure.gravatar.com\\\/avatar\\\/1de74b9a65890a3d386545f909dcb7642d9de5d98f41762bf62becb1cb2b1c76?s=96&d=mm&r=g\",\"url\":\"https:\\\/\\\/secure.gravatar.com\\\/avatar\\\/1de74b9a65890a3d386545f909dcb7642d9de5d98f41762bf62becb1cb2b1c76?s=96&d=mm&r=g\",\"contentUrl\":\"https:\\\/\\\/secure.gravatar.com\\\/avatar\\\/1de74b9a65890a3d386545f909dcb7642d9de5d98f41762bf62becb1cb2b1c76?s=96&d=mm&r=g\",\"caption\":\"jnfp_rootman\"},\"sameAs\":[\"https:\\\/\\\/jenefumeplus.org\\\/jnfp\"],\"url\":\"https:\\\/\\\/jenefumeplus.org\\\/jnfp\\\/index.php\\\/author\\\/jnfp_rootman\\\/\"}]}<\/script>\n<!-- \/ Yoast SEO plugin. -->","yoast_head_json":{"title":"09.10 Association: oui ou non? - Je ne fume plus ! #JNFP","robots":{"index":"index","follow":"follow","max-snippet":"max-snippet:-1","max-image-preview":"max-image-preview:large","max-video-preview":"max-video-preview:-1"},"canonical":"https:\/\/jenefumeplus.org\/jnfp\/index.php\/2021\/04\/21\/09-10-association-oui-ou-non\/","og_locale":"fr_FR","og_type":"article","og_title":"09.10 Association: oui ou non? - Je ne fume plus ! #JNFP","og_description":"Nous avons vu les substituts nicotiniques et les diff\u00e9rents traitements m\u00e9dicamenteux agr\u00e9\u00e9s pour le sevrage tabagique\u2026 Mais qu\u2019en est-il de leur association ?","og_url":"https:\/\/jenefumeplus.org\/jnfp\/index.php\/2021\/04\/21\/09-10-association-oui-ou-non\/","og_site_name":"Je ne fume plus ! #JNFP","article_published_time":"2021-04-21T14:40:50+00:00","article_modified_time":"2021-04-23T09:21:51+00:00","og_image":[{"width":3699,"height":1962,"url":"https:\/\/jenefumeplus.org\/jnfp\/wp-content\/uploads\/2021\/04\/17.png","type":"image\/png"}],"author":"jnfp_rootman","twitter_card":"summary_large_image","twitter_misc":{"\u00c9crit par":"jnfp_rootman","Dur\u00e9e de lecture estim\u00e9e":"2 minutes"},"schema":{"@context":"https:\/\/schema.org","@graph":[{"@type":"Article","@id":"https:\/\/jenefumeplus.org\/jnfp\/index.php\/2021\/04\/21\/09-10-association-oui-ou-non\/#article","isPartOf":{"@id":"https:\/\/jenefumeplus.org\/jnfp\/index.php\/2021\/04\/21\/09-10-association-oui-ou-non\/"},"author":{"name":"jnfp_rootman","@id":"https:\/\/jenefumeplus.org\/jnfp\/#\/schema\/person\/17ebb0813e8fb4aacf2580e75766b18b"},"headline":"09.10 Association: oui ou non?","datePublished":"2021-04-21T14:40:50+00:00","dateModified":"2021-04-23T09:21:51+00:00","mainEntityOfPage":{"@id":"https:\/\/jenefumeplus.org\/jnfp\/index.php\/2021\/04\/21\/09-10-association-oui-ou-non\/"},"wordCount":440,"publisher":{"@id":"https:\/\/jenefumeplus.org\/jnfp\/#organization"},"image":{"@id":"https:\/\/jenefumeplus.org\/jnfp\/index.php\/2021\/04\/21\/09-10-association-oui-ou-non\/#primaryimage"},"thumbnailUrl":"https:\/\/jenefumeplus.org\/jnfp\/wp-content\/uploads\/2021\/04\/17.png","keywords":["Association: oui ou non?","Le sachiez-vous ?"],"articleSection":["Le sachiez-vous ?","Les m\u00e9thodes\/outils"],"inLanguage":"fr-FR"},{"@type":"WebPage","@id":"https:\/\/jenefumeplus.org\/jnfp\/index.php\/2021\/04\/21\/09-10-association-oui-ou-non\/","url":"https:\/\/jenefumeplus.org\/jnfp\/index.php\/2021\/04\/21\/09-10-association-oui-ou-non\/","name":"09.10 Association: oui ou non? - Je ne fume plus ! #JNFP","isPartOf":{"@id":"https:\/\/jenefumeplus.org\/jnfp\/#website"},"primaryImageOfPage":{"@id":"https:\/\/jenefumeplus.org\/jnfp\/index.php\/2021\/04\/21\/09-10-association-oui-ou-non\/#primaryimage"},"image":{"@id":"https:\/\/jenefumeplus.org\/jnfp\/index.php\/2021\/04\/21\/09-10-association-oui-ou-non\/#primaryimage"},"thumbnailUrl":"https:\/\/jenefumeplus.org\/jnfp\/wp-content\/uploads\/2021\/04\/17.png","datePublished":"2021-04-21T14:40:50+00:00","dateModified":"2021-04-23T09:21:51+00:00","breadcrumb":{"@id":"https:\/\/jenefumeplus.org\/jnfp\/index.php\/2021\/04\/21\/09-10-association-oui-ou-non\/#breadcrumb"},"inLanguage":"fr-FR","potentialAction":[{"@type":"ReadAction","target":["https:\/\/jenefumeplus.org\/jnfp\/index.php\/2021\/04\/21\/09-10-association-oui-ou-non\/"]}]},{"@type":"ImageObject","inLanguage":"fr-FR","@id":"https:\/\/jenefumeplus.org\/jnfp\/index.php\/2021\/04\/21\/09-10-association-oui-ou-non\/#primaryimage","url":"https:\/\/jenefumeplus.org\/jnfp\/wp-content\/uploads\/2021\/04\/17.png","contentUrl":"https:\/\/jenefumeplus.org\/jnfp\/wp-content\/uploads\/2021\/04\/17.png","width":3699,"height":1962},{"@type":"BreadcrumbList","@id":"https:\/\/jenefumeplus.org\/jnfp\/index.php\/2021\/04\/21\/09-10-association-oui-ou-non\/#breadcrumb","itemListElement":[{"@type":"ListItem","position":1,"name":"Accueil","item":"https:\/\/jenefumeplus.org\/jnfp\/"},{"@type":"ListItem","position":2,"name":"09.10 Association: oui ou non?"}]},{"@type":"WebSite","@id":"https:\/\/jenefumeplus.org\/jnfp\/#website","url":"https:\/\/jenefumeplus.org\/jnfp\/","name":"Je ne fume plus ! #JNFP","description":"Arr\u00eater de fumer, oui, mais pas tout-e seul-e !","publisher":{"@id":"https:\/\/jenefumeplus.org\/jnfp\/#organization"},"potentialAction":[{"@type":"SearchAction","target":{"@type":"EntryPoint","urlTemplate":"https:\/\/jenefumeplus.org\/jnfp\/?s={search_term_string}"},"query-input":{"@type":"PropertyValueSpecification","valueRequired":true,"valueName":"search_term_string"}}],"inLanguage":"fr-FR"},{"@type":"Organization","@id":"https:\/\/jenefumeplus.org\/jnfp\/#organization","name":"Je ne fume plus ! #JNFP","url":"https:\/\/jenefumeplus.org\/jnfp\/","logo":{"@type":"ImageObject","inLanguage":"fr-FR","@id":"https:\/\/jenefumeplus.org\/jnfp\/#\/schema\/logo\/image\/","url":"https:\/\/jenefumeplus.org\/jnfp\/wp-content\/uploads\/2023\/08\/cropped-Logo-JNFP-2069x702-2.png","contentUrl":"https:\/\/jenefumeplus.org\/jnfp\/wp-content\/uploads\/2023\/08\/cropped-Logo-JNFP-2069x702-2.png","width":2200,"height":701,"caption":"Je ne fume plus ! #JNFP"},"image":{"@id":"https:\/\/jenefumeplus.org\/jnfp\/#\/schema\/logo\/image\/"}},{"@type":"Person","@id":"https:\/\/jenefumeplus.org\/jnfp\/#\/schema\/person\/17ebb0813e8fb4aacf2580e75766b18b","name":"jnfp_rootman","image":{"@type":"ImageObject","inLanguage":"fr-FR","@id":"https:\/\/secure.gravatar.com\/avatar\/1de74b9a65890a3d386545f909dcb7642d9de5d98f41762bf62becb1cb2b1c76?s=96&d=mm&r=g","url":"https:\/\/secure.gravatar.com\/avatar\/1de74b9a65890a3d386545f909dcb7642d9de5d98f41762bf62becb1cb2b1c76?s=96&d=mm&r=g","contentUrl":"https:\/\/secure.gravatar.com\/avatar\/1de74b9a65890a3d386545f909dcb7642d9de5d98f41762bf62becb1cb2b1c76?s=96&d=mm&r=g","caption":"jnfp_rootman"},"sameAs":["https:\/\/jenefumeplus.org\/jnfp"],"url":"https:\/\/jenefumeplus.org\/jnfp\/index.php\/author\/jnfp_rootman\/"}]}},"_links":{"self":[{"href":"https:\/\/jenefumeplus.org\/jnfp\/index.php\/wp-json\/wp\/v2\/posts\/228","targetHints":{"allow":["GET"]}}],"collection":[{"href":"https:\/\/jenefumeplus.org\/jnfp\/index.php\/wp-json\/wp\/v2\/posts"}],"about":[{"href":"https:\/\/jenefumeplus.org\/jnfp\/index.php\/wp-json\/wp\/v2\/types\/post"}],"author":[{"embeddable":true,"href":"https:\/\/jenefumeplus.org\/jnfp\/index.php\/wp-json\/wp\/v2\/users\/1"}],"replies":[{"embeddable":true,"href":"https:\/\/jenefumeplus.org\/jnfp\/index.php\/wp-json\/wp\/v2\/comments?post=228"}],"version-history":[{"count":6,"href":"https:\/\/jenefumeplus.org\/jnfp\/index.php\/wp-json\/wp\/v2\/posts\/228\/revisions"}],"predecessor-version":[{"id":555,"href":"https:\/\/jenefumeplus.org\/jnfp\/index.php\/wp-json\/wp\/v2\/posts\/228\/revisions\/555"}],"wp:featuredmedia":[{"embeddable":true,"href":"https:\/\/jenefumeplus.org\/jnfp\/index.php\/wp-json\/wp\/v2\/media\/478"}],"wp:attachment":[{"href":"https:\/\/jenefumeplus.org\/jnfp\/index.php\/wp-json\/wp\/v2\/media?parent=228"}],"wp:term":[{"taxonomy":"category","embeddable":true,"href":"https:\/\/jenefumeplus.org\/jnfp\/index.php\/wp-json\/wp\/v2\/categories?post=228"},{"taxonomy":"post_tag","embeddable":true,"href":"https:\/\/jenefumeplus.org\/jnfp\/index.php\/wp-json\/wp\/v2\/tags?post=228"}],"curies":[{"name":"wp","href":"https:\/\/api.w.org\/{rel}","templated":true}]}}