{"id":201,"date":"2021-04-21T16:40:13","date_gmt":"2021-04-21T14:40:13","guid":{"rendered":"https:\/\/jenefumeplus.org\/jnfp\/?p=201"},"modified":"2021-04-23T11:19:33","modified_gmt":"2021-04-23T09:19:33","slug":"09-02-le-patch","status":"publish","type":"post","link":"https:\/\/jenefumeplus.org\/jnfp\/index.php\/2021\/04\/21\/09-02-le-patch\/","title":{"rendered":"09.02 Le patch"},"content":{"rendered":"\n<p><a href=\"https:\/\/jenefumeplus.org\/jnfp\/index.php\/2021\/04\/19\/le-sachiez-vous\/\">Retour au sommaire<\/a><\/p>\n\n\n\n<p>On pense tous savoir ce qu&#8217;est un patch, pourtant on ne sait souvent pas comment cela fonctionne, les dosages, les applications, les avantages, les d\u00e9sagr\u00e9ments et les solutions qui s&#8217;offrent \u00e0 nous pour le porter avec confort.<\/p>\n\n\n\n<p>Un patch nicotine et un dispositif transdermique qui sert \u00e0 diffuser la nicotine au travers de la peau, de fa\u00e7on r\u00e9guli\u00e8re et contr\u00f4l\u00e9e, pendant une dur\u00e9e d\u00e9finie.<\/p>\n\n\n\n<p>Les patchs 24h mettent en moyenne 1h \u00e0 2h \u00e0 agir alors que les 16h sont un peu plus rapides. Lorsqu&#8217;on les retire, la diffusion de la nicotine se diffuse pendant encore 1h environ.<\/p>\n\n\n\n<p class=\"has-text-align-center has-vivid-cyan-blue-color has-text-color has-medium-font-size\">Les diff\u00e9rents patchs<\/p>\n\n\n\n<p>Ils sont divis\u00e9s en deux cat\u00e9gories (16h et 24h) avec plusieurs dosages pour s&#8217;adapter \u00e0 chaque d\u00e9fumeur.<\/p>\n\n\n\n<ul class=\"wp-block-list\"><li>7 mg de nicotine\/24h (petit), 14mg de nicotine\/24h (moyen), 21mg de nicotine\/24h (grand).<\/li><li>10mg de nicotine\/16h, 15mg de nicotine\/16h, 25mg de nicotine\/16h.<\/li><\/ul>\n\n\n\n<p>Nous avons donc plusieurs possibilit\u00e9s qui s&#8217;offrent \u00e0 nous, ce qui permet d&#8217;adapter l&#8217;utilisation en fonction du nombre de cigarettes, des degr\u00e9s de d\u00e9pendance et de son pass\u00e9 de fumeur.<\/p>\n\n\n\n<p>Les patchs sur 16h se porteront le jour uniquement, alors que ceux sur 24h se porteront jour et nuit. Le patch n&#8217;agissant pas imm\u00e9diatement, il est utile de l&#8217;associ\u00e9 un substitut oral le matin. On peut \u00e9galement porter plusieurs patchs sans inqui\u00e9tude, selon le besoin du d\u00e9fumeur.*<\/p>\n\n\n\n<p class=\"has-text-align-center has-vivid-cyan-blue-color has-text-color has-medium-font-size\"><strong>Dosage<\/strong><\/p>\n\n\n\n<p>La r\u00e8gle commune est d&#8217;associer une cigarette fum\u00e9e \u00e0 1 mg de nicotine, 2 mg si ce sont des cigarettes roul\u00e9es\/tub\u00e9es.<\/p>\n\n\n\n<p>En pratique c\u2019est plut\u00f4t 1 \u00e0 3 mg et le double pour les roul\u00e9es\/tub\u00e9es.<\/p>\n\n\n\n<ul class=\"wp-block-list\"><li>Si on aspire fort sur sa cigarette, si on la fume rapidement, ce n&#8217;est pas 1 mg de nicotine que l&#8217;on absorbe, mais plut\u00f4t 3 mg. De m\u00eame, pour les cigarettes dites \u00ab light \u00bb, contrairement aux id\u00e9es re\u00e7ues, ces derni\u00e8res ne diminuent pas le dosage en nicotine, d&#8217;autant plus que l&#8217;on aura tendance \u00e0 inhaler plus fort sur celles-ci, et donc \u00e0 absorber plus de nicotine.<\/li><li>Si l&#8217;on diminue le nombre de cigarettes fum\u00e9es, on a tendance \u00e0 aspirer beaucoup plus fort.<\/li><li>Le fumeur s&#8217;autotitre, il prend la dose dont il a besoin quel que le nombre de cigarettes fum\u00e9es.<\/li><\/ul>\n\n\n\n<p>On peut tout \u00e0 fait porter plusieurs patchs pour adapter la substitution, c\u2019est fr\u00e9quent chez les fumeurs de plus d\u2019un paquet\/jour. Il est donc important de faire le point sur sa d\u00e9pendance physique au tabac \u00e0 l\u2019aide des tests vus pr\u00e9c\u00e9demment.<\/p>\n\n\n\n<p class=\"has-text-align-center has-vivid-cyan-blue-color has-text-color has-medium-font-size\">Dur\u00e9e d&#8217;utilisation<\/p>\n\n\n\n<p>La dur\u00e9e d&#8217;utilisation minimale est de 3 mois avec d\u00e9croissance progressive par paliers de 4 semaines minimum.<\/p>\n\n\n\n<p>Il faut savoir que l&#8217;efficacit\u00e9 des patchs est am\u00e9lior\u00e9e si une dur\u00e9e de port plus longue est possible: 6 mois, 9 mois sans souci, un an si besoin. On a fum\u00e9 longtemps, il faut prendre le temps du sevrage. Un arr\u00eat rapide des patchs met en danger la d\u00e9fume.<\/p>\n\n\n\n<p>&nbsp;<em>Et surtout on ne diminue pas les patchs tant qu\u2019on fume encore ou que les envies sont encore pr\u00e9sentes<\/em><strong> !<\/strong><\/p>\n\n\n\n<p>Il n&#8217;y a pas d&#8217;accoutumance au patch et il permet \u00e9galement de d\u00e9fumer progressivement. En effet, on peut diminuer sa consommation de tabac tout en augmentant sa substitution au fil du temps, afin d&#8217;\u00e9liminer totalement les derni\u00e8res cigarettes r\u00e9siduelles.<\/p>\n\n\n\n<p>Pour une baisse progressive, vous pourrez diviser votre patch en morceaux (sauf la marque NiQuitin) et il faudra assurer la fixation herm\u00e9tique du patch avec un &#8221; adh\u00e9sif large bande&#8221;. Il faudra \u00e9galement \u00eatre vigilant \u00e0 conserver le\/les morceaux(x) restant(s), de fa\u00e7on hygi\u00e9nique et herm\u00e9tique (dans son emballage d&#8217;origine).<\/p>\n\n\n\n<p class=\"has-text-align-center has-vivid-cyan-blue-color has-text-color has-medium-font-size\">Application<\/p>\n\n\n\n<p>On le pose sur une peau propre et s\u00e8che, sans poils. On \u00e9vite les peaux irrit\u00e9es ou les endroits sensibles. On ne met ni cr\u00e8me, ni lait, ni lotion avant sur la zone concern\u00e9e. On change d\u2019emplacement chaque jour.<\/p>\n\n\n\n<p class=\"has-text-align-center has-vivid-cyan-blue-color has-text-color has-medium-font-size\">Les d\u00e9sagr\u00e9ments<\/p>\n\n\n\n<p>Pour les soucis d&#8217;inconfort ou allerg\u00e8ne, il est pr\u00e9f\u00e9rable de privil\u00e9gier les zones inf\u00e9rieures tel que le haut du fessier et des cuisses ou encore le dessous des pieds (talon). N&#8217;oubliez pas de changer de zone chaque jour pour limiter les rougeurs et les d\u00e9mangeaisons.<\/p>\n\n\n\n<p>Pour d\u2019\u00e9ventuelles r\u00e9actions allergiques locales, une cr\u00e8me d&#8217;antihistaminique pourra vous \u00eatre utile (prudence tout de m\u00eame avec l&#8217;utilisation de la cortisone).<\/p>\n\n\n\n<p>Aussi, dans ce cas, privil\u00e9giez la formulation du patch sur 16h, connue pour \u00eatre moins allerg\u00e8ne.<\/p>\n\n\n\n<p class=\"has-text-align-center has-vivid-cyan-blue-color has-text-color has-medium-font-size\">Associer le patch et d\u2019autres substituts<\/p>\n\n\n\n<p>Le patch devrait \u00eatre obligatoirement prescrit avec une forme orale (gommes\/pastilles\/comprim\u00e9s\/inhaleur\/spray) et\/ou utilis\u00e9 avec le vaporisateur personnel (vape). Ils sont compl\u00e9mentaires et leur utilisation conjointe am\u00e9liore les chances de r\u00e9ussite au sevrage de 50 \u00e0 70%.<\/p>\n\n\n\n<p class=\"has-text-align-center has-vivid-cyan-blue-color has-text-color has-medium-font-size\">Tordons le cou aux id\u00e9es re\u00e7ues<\/p>\n\n\n\n<ul class=\"wp-block-list\"><li><strong>On peut fumer et porter un ou plusieurs patchs<\/strong>&nbsp;: la nicotine est certes addictive mais c\u2019est la combustion du tabac qui provoque les maladies,<strong>&nbsp;pas la nicotine<\/strong>. On peut tout \u00e0 fait diminuer sa consommation en visant l\u2019arr\u00eat d\u00e9finitif tout en \u00e9tant patch\u00e9.<\/li><li><strong>On peut se patcher m\u00eame enceinte<\/strong>&nbsp;: les substituts nicotiniques, dont les patchs, sont recommand\u00e9s par la Haute Autorit\u00e9 de sant\u00e9 (HAS&nbsp;<a href=\"https:\/\/ansm.sante.fr\/var\/ansm_site\/storage\/original\/application\/f437790c249beb646b101e76bb0127eb.pdf\" target=\"_blank\" rel=\"noreferrer noopener\">lien<\/a>) pour accompagner les femmes enceintes d\u00e9pendantes au tabac, ainsi qu&#8217;apr\u00e8s grossesse.<\/li><li><strong>Le patch est \u00e9galement recommand\u00e9 pour les personnes cardiaques : <\/strong>il est m\u00eame propos\u00e9 aux fumeurs ayant subi un infarctus du myocarde. Il n&#8217;aggrave pas les probl\u00e8mes coronariens ni les troubles cardiaques chez les fumeurs (<a href=\"https:\/\/www.has-sante.fr\/upload\/docs\/application\/pdf\/scatabac_synthese_biblio.pdf\" target=\"_blank\" rel=\"noreferrer noopener\">Synth\u00e8se HAS<\/a>).<\/li><\/ul>\n\n\n\n<p class=\"has-text-align-center has-vivid-cyan-blue-color has-text-color has-medium-font-size\">La prise en charge<\/p>\n\n\n\n<p>En France, la prise en charge du patch est d\u00e9sormais sans limitation de temps, il est rembours\u00e9 \u00e0 hauteur de 65% et b\u00e9n\u00e9ficie du tiers payant. Certaines officines acceptent d&#8217;\u00e9viter l&#8217;avance des frais.<\/p>\n\n\n\n<p><strong>La liste ici :<\/strong>&nbsp;<a href=\"https:\/\/www.ameli.fr\/sites\/default\/files\/Documents\/441422\/document\/liste-substituts-nicotiniques_assurance-maladie_septembre_2020.pdf\" target=\"_blank\" rel=\"noreferrer noopener\">ameli.fr<\/a><\/p>\n","protected":false},"excerpt":{"rendered":"<p>n pense tous savoir ce qu&#8217;est un patch, pourtant on ne sait souvent pas comment cela fonctionne, les dosages, les applications, les avantages, les d\u00e9sagr\u00e9ments et les solutions qui s&#8217;offrent \u00e0 nous pour le porter avec confort.Un patch nicotine et un dispositif transdermique qui sert \u00e0 diffuser la nicotine au travers de la peau, de fa\u00e7on r\u00e9guli\u00e8re et contr\u00f4l\u00e9e, pendant une dur\u00e9e d\u00e9finie.<\/p>\n","protected":false},"author":1,"featured_media":462,"comment_status":"closed","ping_status":"closed","sticky":false,"template":"","format":"standard","meta":{"iawp_total_views":127,"footnotes":""},"categories":[9,39],"tags":[10,76,41,77],"class_list":["post-201","post","type-post","status-publish","format-standard","has-post-thumbnail","hentry","category-le-sachiez-vous","category-les-methodes-outils","tag-lsv-le-sachiez-vous","tag-medicament","tag-patch","tag-substitut-nicotinique"],"yoast_head":"<!-- This site is optimized with the Yoast SEO plugin v27.5 - https:\/\/yoast.com\/product\/yoast-seo-wordpress\/ -->\n<title>09.02 Le patch - Je ne fume plus ! #JNFP<\/title>\n<meta name=\"robots\" content=\"index, follow, max-snippet:-1, max-image-preview:large, max-video-preview:-1\" \/>\n<link rel=\"canonical\" href=\"https:\/\/jenefumeplus.org\/jnfp\/index.php\/2021\/04\/21\/09-02-le-patch\/\" \/>\n<meta property=\"og:locale\" content=\"fr_FR\" \/>\n<meta property=\"og:type\" content=\"article\" \/>\n<meta property=\"og:title\" content=\"09.02 Le patch - Je ne fume plus ! #JNFP\" \/>\n<meta property=\"og:description\" content=\"n pense tous savoir ce qu&#039;est un patch, pourtant on ne sait souvent pas comment cela fonctionne, les dosages, les applications, les avantages, les d\u00e9sagr\u00e9ments et les solutions qui s&#039;offrent \u00e0 nous pour le porter avec confort.Un patch nicotine et un dispositif transdermique qui sert \u00e0 diffuser la nicotine au travers de la peau, de fa\u00e7on r\u00e9guli\u00e8re et contr\u00f4l\u00e9e, pendant une dur\u00e9e d\u00e9finie.\" \/>\n<meta property=\"og:url\" content=\"https:\/\/jenefumeplus.org\/jnfp\/index.php\/2021\/04\/21\/09-02-le-patch\/\" \/>\n<meta property=\"og:site_name\" content=\"Je ne fume plus ! #JNFP\" \/>\n<meta property=\"article:published_time\" content=\"2021-04-21T14:40:13+00:00\" \/>\n<meta property=\"article:modified_time\" content=\"2021-04-23T09:19:33+00:00\" \/>\n<meta property=\"og:image\" content=\"https:\/\/jenefumeplus.org\/jnfp\/wp-content\/uploads\/2021\/04\/9.png\" \/>\n\t<meta property=\"og:image:width\" content=\"3699\" \/>\n\t<meta property=\"og:image:height\" content=\"1962\" \/>\n\t<meta property=\"og:image:type\" content=\"image\/png\" \/>\n<meta name=\"author\" content=\"jnfp_rootman\" \/>\n<meta name=\"twitter:card\" content=\"summary_large_image\" \/>\n<meta name=\"twitter:label1\" content=\"\u00c9crit par\" \/>\n\t<meta name=\"twitter:data1\" content=\"jnfp_rootman\" \/>\n\t<meta name=\"twitter:label2\" content=\"Dur\u00e9e de lecture estim\u00e9e\" \/>\n\t<meta name=\"twitter:data2\" content=\"4 minutes\" \/>\n<script type=\"application\/ld+json\" class=\"yoast-schema-graph\">{\"@context\":\"https:\\\/\\\/schema.org\",\"@graph\":[{\"@type\":\"Article\",\"@id\":\"https:\\\/\\\/jenefumeplus.org\\\/jnfp\\\/index.php\\\/2021\\\/04\\\/21\\\/09-02-le-patch\\\/#article\",\"isPartOf\":{\"@id\":\"https:\\\/\\\/jenefumeplus.org\\\/jnfp\\\/index.php\\\/2021\\\/04\\\/21\\\/09-02-le-patch\\\/\"},\"author\":{\"name\":\"jnfp_rootman\",\"@id\":\"https:\\\/\\\/jenefumeplus.org\\\/jnfp\\\/#\\\/schema\\\/person\\\/17ebb0813e8fb4aacf2580e75766b18b\"},\"headline\":\"09.02 Le patch\",\"datePublished\":\"2021-04-21T14:40:13+00:00\",\"dateModified\":\"2021-04-23T09:19:33+00:00\",\"mainEntityOfPage\":{\"@id\":\"https:\\\/\\\/jenefumeplus.org\\\/jnfp\\\/index.php\\\/2021\\\/04\\\/21\\\/09-02-le-patch\\\/\"},\"wordCount\":1020,\"publisher\":{\"@id\":\"https:\\\/\\\/jenefumeplus.org\\\/jnfp\\\/#organization\"},\"image\":{\"@id\":\"https:\\\/\\\/jenefumeplus.org\\\/jnfp\\\/index.php\\\/2021\\\/04\\\/21\\\/09-02-le-patch\\\/#primaryimage\"},\"thumbnailUrl\":\"https:\\\/\\\/jenefumeplus.org\\\/jnfp\\\/wp-content\\\/uploads\\\/2021\\\/04\\\/9.png\",\"keywords\":[\"Le sachiez-vous ?\",\"M\u00e9dicament\",\"patch\",\"Substitut nicotinique\"],\"articleSection\":[\"Le sachiez-vous ?\",\"Les m\u00e9thodes\\\/outils\"],\"inLanguage\":\"fr-FR\"},{\"@type\":\"WebPage\",\"@id\":\"https:\\\/\\\/jenefumeplus.org\\\/jnfp\\\/index.php\\\/2021\\\/04\\\/21\\\/09-02-le-patch\\\/\",\"url\":\"https:\\\/\\\/jenefumeplus.org\\\/jnfp\\\/index.php\\\/2021\\\/04\\\/21\\\/09-02-le-patch\\\/\",\"name\":\"09.02 Le patch - Je ne fume plus ! #JNFP\",\"isPartOf\":{\"@id\":\"https:\\\/\\\/jenefumeplus.org\\\/jnfp\\\/#website\"},\"primaryImageOfPage\":{\"@id\":\"https:\\\/\\\/jenefumeplus.org\\\/jnfp\\\/index.php\\\/2021\\\/04\\\/21\\\/09-02-le-patch\\\/#primaryimage\"},\"image\":{\"@id\":\"https:\\\/\\\/jenefumeplus.org\\\/jnfp\\\/index.php\\\/2021\\\/04\\\/21\\\/09-02-le-patch\\\/#primaryimage\"},\"thumbnailUrl\":\"https:\\\/\\\/jenefumeplus.org\\\/jnfp\\\/wp-content\\\/uploads\\\/2021\\\/04\\\/9.png\",\"datePublished\":\"2021-04-21T14:40:13+00:00\",\"dateModified\":\"2021-04-23T09:19:33+00:00\",\"breadcrumb\":{\"@id\":\"https:\\\/\\\/jenefumeplus.org\\\/jnfp\\\/index.php\\\/2021\\\/04\\\/21\\\/09-02-le-patch\\\/#breadcrumb\"},\"inLanguage\":\"fr-FR\",\"potentialAction\":[{\"@type\":\"ReadAction\",\"target\":[\"https:\\\/\\\/jenefumeplus.org\\\/jnfp\\\/index.php\\\/2021\\\/04\\\/21\\\/09-02-le-patch\\\/\"]}]},{\"@type\":\"ImageObject\",\"inLanguage\":\"fr-FR\",\"@id\":\"https:\\\/\\\/jenefumeplus.org\\\/jnfp\\\/index.php\\\/2021\\\/04\\\/21\\\/09-02-le-patch\\\/#primaryimage\",\"url\":\"https:\\\/\\\/jenefumeplus.org\\\/jnfp\\\/wp-content\\\/uploads\\\/2021\\\/04\\\/9.png\",\"contentUrl\":\"https:\\\/\\\/jenefumeplus.org\\\/jnfp\\\/wp-content\\\/uploads\\\/2021\\\/04\\\/9.png\",\"width\":3699,\"height\":1962},{\"@type\":\"BreadcrumbList\",\"@id\":\"https:\\\/\\\/jenefumeplus.org\\\/jnfp\\\/index.php\\\/2021\\\/04\\\/21\\\/09-02-le-patch\\\/#breadcrumb\",\"itemListElement\":[{\"@type\":\"ListItem\",\"position\":1,\"name\":\"Accueil\",\"item\":\"https:\\\/\\\/jenefumeplus.org\\\/jnfp\\\/\"},{\"@type\":\"ListItem\",\"position\":2,\"name\":\"09.02 Le patch\"}]},{\"@type\":\"WebSite\",\"@id\":\"https:\\\/\\\/jenefumeplus.org\\\/jnfp\\\/#website\",\"url\":\"https:\\\/\\\/jenefumeplus.org\\\/jnfp\\\/\",\"name\":\"Je ne fume plus ! #JNFP\",\"description\":\"Arr\u00eater de fumer, oui, mais pas tout-e seul-e !\",\"publisher\":{\"@id\":\"https:\\\/\\\/jenefumeplus.org\\\/jnfp\\\/#organization\"},\"potentialAction\":[{\"@type\":\"SearchAction\",\"target\":{\"@type\":\"EntryPoint\",\"urlTemplate\":\"https:\\\/\\\/jenefumeplus.org\\\/jnfp\\\/?s={search_term_string}\"},\"query-input\":{\"@type\":\"PropertyValueSpecification\",\"valueRequired\":true,\"valueName\":\"search_term_string\"}}],\"inLanguage\":\"fr-FR\"},{\"@type\":\"Organization\",\"@id\":\"https:\\\/\\\/jenefumeplus.org\\\/jnfp\\\/#organization\",\"name\":\"Je ne fume plus ! #JNFP\",\"url\":\"https:\\\/\\\/jenefumeplus.org\\\/jnfp\\\/\",\"logo\":{\"@type\":\"ImageObject\",\"inLanguage\":\"fr-FR\",\"@id\":\"https:\\\/\\\/jenefumeplus.org\\\/jnfp\\\/#\\\/schema\\\/logo\\\/image\\\/\",\"url\":\"https:\\\/\\\/jenefumeplus.org\\\/jnfp\\\/wp-content\\\/uploads\\\/2023\\\/08\\\/cropped-Logo-JNFP-2069x702-2.png\",\"contentUrl\":\"https:\\\/\\\/jenefumeplus.org\\\/jnfp\\\/wp-content\\\/uploads\\\/2023\\\/08\\\/cropped-Logo-JNFP-2069x702-2.png\",\"width\":2200,\"height\":701,\"caption\":\"Je ne fume plus ! #JNFP\"},\"image\":{\"@id\":\"https:\\\/\\\/jenefumeplus.org\\\/jnfp\\\/#\\\/schema\\\/logo\\\/image\\\/\"}},{\"@type\":\"Person\",\"@id\":\"https:\\\/\\\/jenefumeplus.org\\\/jnfp\\\/#\\\/schema\\\/person\\\/17ebb0813e8fb4aacf2580e75766b18b\",\"name\":\"jnfp_rootman\",\"image\":{\"@type\":\"ImageObject\",\"inLanguage\":\"fr-FR\",\"@id\":\"https:\\\/\\\/secure.gravatar.com\\\/avatar\\\/1de74b9a65890a3d386545f909dcb7642d9de5d98f41762bf62becb1cb2b1c76?s=96&d=mm&r=g\",\"url\":\"https:\\\/\\\/secure.gravatar.com\\\/avatar\\\/1de74b9a65890a3d386545f909dcb7642d9de5d98f41762bf62becb1cb2b1c76?s=96&d=mm&r=g\",\"contentUrl\":\"https:\\\/\\\/secure.gravatar.com\\\/avatar\\\/1de74b9a65890a3d386545f909dcb7642d9de5d98f41762bf62becb1cb2b1c76?s=96&d=mm&r=g\",\"caption\":\"jnfp_rootman\"},\"sameAs\":[\"https:\\\/\\\/jenefumeplus.org\\\/jnfp\"],\"url\":\"https:\\\/\\\/jenefumeplus.org\\\/jnfp\\\/index.php\\\/author\\\/jnfp_rootman\\\/\"}]}<\/script>\n<!-- \/ Yoast SEO plugin. -->","yoast_head_json":{"title":"09.02 Le patch - Je ne fume plus ! #JNFP","robots":{"index":"index","follow":"follow","max-snippet":"max-snippet:-1","max-image-preview":"max-image-preview:large","max-video-preview":"max-video-preview:-1"},"canonical":"https:\/\/jenefumeplus.org\/jnfp\/index.php\/2021\/04\/21\/09-02-le-patch\/","og_locale":"fr_FR","og_type":"article","og_title":"09.02 Le patch - Je ne fume plus ! #JNFP","og_description":"n pense tous savoir ce qu'est un patch, pourtant on ne sait souvent pas comment cela fonctionne, les dosages, les applications, les avantages, les d\u00e9sagr\u00e9ments et les solutions qui s'offrent \u00e0 nous pour le porter avec confort.Un patch nicotine et un dispositif transdermique qui sert \u00e0 diffuser la nicotine au travers de la peau, de fa\u00e7on r\u00e9guli\u00e8re et contr\u00f4l\u00e9e, pendant une dur\u00e9e d\u00e9finie.","og_url":"https:\/\/jenefumeplus.org\/jnfp\/index.php\/2021\/04\/21\/09-02-le-patch\/","og_site_name":"Je ne fume plus ! #JNFP","article_published_time":"2021-04-21T14:40:13+00:00","article_modified_time":"2021-04-23T09:19:33+00:00","og_image":[{"width":3699,"height":1962,"url":"https:\/\/jenefumeplus.org\/jnfp\/wp-content\/uploads\/2021\/04\/9.png","type":"image\/png"}],"author":"jnfp_rootman","twitter_card":"summary_large_image","twitter_misc":{"\u00c9crit par":"jnfp_rootman","Dur\u00e9e de lecture estim\u00e9e":"4 minutes"},"schema":{"@context":"https:\/\/schema.org","@graph":[{"@type":"Article","@id":"https:\/\/jenefumeplus.org\/jnfp\/index.php\/2021\/04\/21\/09-02-le-patch\/#article","isPartOf":{"@id":"https:\/\/jenefumeplus.org\/jnfp\/index.php\/2021\/04\/21\/09-02-le-patch\/"},"author":{"name":"jnfp_rootman","@id":"https:\/\/jenefumeplus.org\/jnfp\/#\/schema\/person\/17ebb0813e8fb4aacf2580e75766b18b"},"headline":"09.02 Le patch","datePublished":"2021-04-21T14:40:13+00:00","dateModified":"2021-04-23T09:19:33+00:00","mainEntityOfPage":{"@id":"https:\/\/jenefumeplus.org\/jnfp\/index.php\/2021\/04\/21\/09-02-le-patch\/"},"wordCount":1020,"publisher":{"@id":"https:\/\/jenefumeplus.org\/jnfp\/#organization"},"image":{"@id":"https:\/\/jenefumeplus.org\/jnfp\/index.php\/2021\/04\/21\/09-02-le-patch\/#primaryimage"},"thumbnailUrl":"https:\/\/jenefumeplus.org\/jnfp\/wp-content\/uploads\/2021\/04\/9.png","keywords":["Le sachiez-vous ?","M\u00e9dicament","patch","Substitut nicotinique"],"articleSection":["Le sachiez-vous ?","Les m\u00e9thodes\/outils"],"inLanguage":"fr-FR"},{"@type":"WebPage","@id":"https:\/\/jenefumeplus.org\/jnfp\/index.php\/2021\/04\/21\/09-02-le-patch\/","url":"https:\/\/jenefumeplus.org\/jnfp\/index.php\/2021\/04\/21\/09-02-le-patch\/","name":"09.02 Le patch - Je ne fume plus ! #JNFP","isPartOf":{"@id":"https:\/\/jenefumeplus.org\/jnfp\/#website"},"primaryImageOfPage":{"@id":"https:\/\/jenefumeplus.org\/jnfp\/index.php\/2021\/04\/21\/09-02-le-patch\/#primaryimage"},"image":{"@id":"https:\/\/jenefumeplus.org\/jnfp\/index.php\/2021\/04\/21\/09-02-le-patch\/#primaryimage"},"thumbnailUrl":"https:\/\/jenefumeplus.org\/jnfp\/wp-content\/uploads\/2021\/04\/9.png","datePublished":"2021-04-21T14:40:13+00:00","dateModified":"2021-04-23T09:19:33+00:00","breadcrumb":{"@id":"https:\/\/jenefumeplus.org\/jnfp\/index.php\/2021\/04\/21\/09-02-le-patch\/#breadcrumb"},"inLanguage":"fr-FR","potentialAction":[{"@type":"ReadAction","target":["https:\/\/jenefumeplus.org\/jnfp\/index.php\/2021\/04\/21\/09-02-le-patch\/"]}]},{"@type":"ImageObject","inLanguage":"fr-FR","@id":"https:\/\/jenefumeplus.org\/jnfp\/index.php\/2021\/04\/21\/09-02-le-patch\/#primaryimage","url":"https:\/\/jenefumeplus.org\/jnfp\/wp-content\/uploads\/2021\/04\/9.png","contentUrl":"https:\/\/jenefumeplus.org\/jnfp\/wp-content\/uploads\/2021\/04\/9.png","width":3699,"height":1962},{"@type":"BreadcrumbList","@id":"https:\/\/jenefumeplus.org\/jnfp\/index.php\/2021\/04\/21\/09-02-le-patch\/#breadcrumb","itemListElement":[{"@type":"ListItem","position":1,"name":"Accueil","item":"https:\/\/jenefumeplus.org\/jnfp\/"},{"@type":"ListItem","position":2,"name":"09.02 Le patch"}]},{"@type":"WebSite","@id":"https:\/\/jenefumeplus.org\/jnfp\/#website","url":"https:\/\/jenefumeplus.org\/jnfp\/","name":"Je ne fume plus ! #JNFP","description":"Arr\u00eater de fumer, oui, mais pas tout-e seul-e !","publisher":{"@id":"https:\/\/jenefumeplus.org\/jnfp\/#organization"},"potentialAction":[{"@type":"SearchAction","target":{"@type":"EntryPoint","urlTemplate":"https:\/\/jenefumeplus.org\/jnfp\/?s={search_term_string}"},"query-input":{"@type":"PropertyValueSpecification","valueRequired":true,"valueName":"search_term_string"}}],"inLanguage":"fr-FR"},{"@type":"Organization","@id":"https:\/\/jenefumeplus.org\/jnfp\/#organization","name":"Je ne fume plus ! #JNFP","url":"https:\/\/jenefumeplus.org\/jnfp\/","logo":{"@type":"ImageObject","inLanguage":"fr-FR","@id":"https:\/\/jenefumeplus.org\/jnfp\/#\/schema\/logo\/image\/","url":"https:\/\/jenefumeplus.org\/jnfp\/wp-content\/uploads\/2023\/08\/cropped-Logo-JNFP-2069x702-2.png","contentUrl":"https:\/\/jenefumeplus.org\/jnfp\/wp-content\/uploads\/2023\/08\/cropped-Logo-JNFP-2069x702-2.png","width":2200,"height":701,"caption":"Je ne fume plus ! #JNFP"},"image":{"@id":"https:\/\/jenefumeplus.org\/jnfp\/#\/schema\/logo\/image\/"}},{"@type":"Person","@id":"https:\/\/jenefumeplus.org\/jnfp\/#\/schema\/person\/17ebb0813e8fb4aacf2580e75766b18b","name":"jnfp_rootman","image":{"@type":"ImageObject","inLanguage":"fr-FR","@id":"https:\/\/secure.gravatar.com\/avatar\/1de74b9a65890a3d386545f909dcb7642d9de5d98f41762bf62becb1cb2b1c76?s=96&d=mm&r=g","url":"https:\/\/secure.gravatar.com\/avatar\/1de74b9a65890a3d386545f909dcb7642d9de5d98f41762bf62becb1cb2b1c76?s=96&d=mm&r=g","contentUrl":"https:\/\/secure.gravatar.com\/avatar\/1de74b9a65890a3d386545f909dcb7642d9de5d98f41762bf62becb1cb2b1c76?s=96&d=mm&r=g","caption":"jnfp_rootman"},"sameAs":["https:\/\/jenefumeplus.org\/jnfp"],"url":"https:\/\/jenefumeplus.org\/jnfp\/index.php\/author\/jnfp_rootman\/"}]}},"_links":{"self":[{"href":"https:\/\/jenefumeplus.org\/jnfp\/index.php\/wp-json\/wp\/v2\/posts\/201","targetHints":{"allow":["GET"]}}],"collection":[{"href":"https:\/\/jenefumeplus.org\/jnfp\/index.php\/wp-json\/wp\/v2\/posts"}],"about":[{"href":"https:\/\/jenefumeplus.org\/jnfp\/index.php\/wp-json\/wp\/v2\/types\/post"}],"author":[{"embeddable":true,"href":"https:\/\/jenefumeplus.org\/jnfp\/index.php\/wp-json\/wp\/v2\/users\/1"}],"replies":[{"embeddable":true,"href":"https:\/\/jenefumeplus.org\/jnfp\/index.php\/wp-json\/wp\/v2\/comments?post=201"}],"version-history":[{"count":7,"href":"https:\/\/jenefumeplus.org\/jnfp\/index.php\/wp-json\/wp\/v2\/posts\/201\/revisions"}],"predecessor-version":[{"id":545,"href":"https:\/\/jenefumeplus.org\/jnfp\/index.php\/wp-json\/wp\/v2\/posts\/201\/revisions\/545"}],"wp:featuredmedia":[{"embeddable":true,"href":"https:\/\/jenefumeplus.org\/jnfp\/index.php\/wp-json\/wp\/v2\/media\/462"}],"wp:attachment":[{"href":"https:\/\/jenefumeplus.org\/jnfp\/index.php\/wp-json\/wp\/v2\/media?parent=201"}],"wp:term":[{"taxonomy":"category","embeddable":true,"href":"https:\/\/jenefumeplus.org\/jnfp\/index.php\/wp-json\/wp\/v2\/categories?post=201"},{"taxonomy":"post_tag","embeddable":true,"href":"https:\/\/jenefumeplus.org\/jnfp\/index.php\/wp-json\/wp\/v2\/tags?post=201"}],"curies":[{"name":"wp","href":"https:\/\/api.w.org\/{rel}","templated":true}]}}