{"id":1736,"date":"2025-03-03T11:03:05","date_gmt":"2025-03-03T10:03:05","guid":{"rendered":"https:\/\/jenefumeplus.org\/jnfp\/?p=1736"},"modified":"2025-03-03T11:03:44","modified_gmt":"2025-03-03T10:03:44","slug":"enquete-annuelle-jnfp-2024-2025-lessentiel-en-infographies","status":"publish","type":"post","link":"https:\/\/jenefumeplus.org\/jnfp\/index.php\/2025\/03\/03\/enquete-annuelle-jnfp-2024-2025-lessentiel-en-infographies\/","title":{"rendered":"Enqu\u00eate annuelle #JNFP &#8211; 2024-2025 &#8211; L&#8217;essentiel en infographies."},"content":{"rendered":"<div class='w3eden'><!-- WPDM Link Template: Default Template -->\n\n<div class=\"link-template-default card mb-2\">\n    <div class=\"card-body\">\n        <div class=\"media\">\n            <div class=\"mr-3 img-48\"><img decoding=\"async\" class=\"wpdm_icon\" alt=\"Ic\u00f4ne\" src=\"https:\/\/jenefumeplus.org\/jnfp\/wp-content\/plugins\/download-manager\/assets\/file-type-icons\/pdf.svg\" \/><\/div>\n            <div class=\"media-body\">\n                <h3 class=\"package-title\"><a href='https:\/\/jenefumeplus.org\/jnfp\/index.php\/download\/enquete-nationale-jnfp-2024-2025-lessentiel-infographie\/'>Enqu\u00eate nationale #JNFP 2024-2025 - L'essentiel - Infographie<\/a><\/h3>\n                <div class=\"text-muted text-small\"><i class=\"fas fa-copy\"><\/i> 1 fichier\u00b7s <i class=\"fas fa-hdd ml-3\"><\/i> 1.67 MB<\/div>\n            <\/div>\n            <div class=\"ml-3\">\n                <a class='wpdm-download-link download-on-click btn btn-primary ' rel='nofollow' href='#' data-downloadurl=\"https:\/\/jenefumeplus.org\/jnfp\/index.php\/download\/enquete-nationale-jnfp-2024-2025-lessentiel-infographie\/?wpdmdl=1737&refresh=69f3ac25159f21777576997\">T\u00e9l\u00e9charger<\/a>\n            <\/div>\n        <\/div>\n    <\/div>\n<\/div>\n\n<\/div>\n\n\n\n<p>Ce document a pour objet de faire une synth\u00e8se du rapport d\u2019enqu\u00eate du groupe \u00ab Je ne fume plus ! \u00bb r\u00e9alis\u00e9e en janvier et f\u00e9vrier 2025.\u00a0<\/p>\n\n\n\n<p>L\u2019objectif de l\u2019enqu\u00eate \u00e9tait de mieux comprendre les enjeux du groupe \u00ab Je ne fume plus ! #jnfp \u00bb dans la d\u00e9marche d\u2019arr\u00eat du tabac de ses membres.&nbsp;<\/p>\n\n\n\n<p>Nous avons choisi de faire appara\u00eetre ici les r\u00e9sultats principaux de l\u2019enqu\u00eate, autour de quatre axes :&nbsp;<\/p>\n\n\n\n<ol style=\"list-style-type:1\" class=\"wp-block-list\">\n<li>Les caract\u00e9ristiques sociod\u00e9mographiques et l\u2019\u00e9tat de sant\u00e9 des membres du groupe<\/li>\n\n\n\n<li>L\u2019histoire des membres avec le tabac avant d\u2019entrer sur le groupe&nbsp;<\/li>\n\n\n\n<li>L\u2019arr\u00eat actuel du tabac des membres sur le groupe \u00ab Je ne fume plus ! #jnfp \u00bb&nbsp;<\/li>\n\n\n\n<li>L\u2019apport du groupe auto-support \u00ab Je ne fume plus ! #jnfp \u00bb<\/li>\n<\/ol>\n\n\n\n<p>Les r\u00e9sultats se basent sur les r\u00e9ponses de 1188 membres du groupe \u00ab Je ne fume plus! #JNFP<\/p>\n","protected":false},"excerpt":{"rendered":"<p>Ce document a pour objet de faire une synth\u00e8se du rapport d\u2019enqu\u00eate du groupe \u00ab Je ne fume plus ! \u00bb r\u00e9alis\u00e9e en janvier et f\u00e9vrier 2025.\u00a0 L\u2019objectif de l\u2019enqu\u00eate \u00e9tait de mieux comprendre les enjeux du groupe \u00ab Je ne fume plus ! #jnfp \u00bb dans la d\u00e9marche d\u2019arr\u00eat du tabac de ses membres.&nbsp;&#8230;<\/p>\n","protected":false},"author":8,"featured_media":1740,"comment_status":"open","ping_status":"open","sticky":true,"template":"","format":"standard","meta":{"iawp_total_views":86,"footnotes":""},"categories":[1],"tags":[],"class_list":["post-1736","post","type-post","status-publish","format-standard","has-post-thumbnail","hentry","category-non-classe"],"yoast_head":"<!-- This site is optimized with the Yoast SEO plugin v27.5 - https:\/\/yoast.com\/product\/yoast-seo-wordpress\/ -->\n<title>Enqu\u00eate annuelle #JNFP - 2024-2025 - L&#039;essentiel en infographies. - Je ne fume plus ! #JNFP<\/title>\n<meta name=\"robots\" content=\"index, follow, max-snippet:-1, max-image-preview:large, max-video-preview:-1\" \/>\n<link rel=\"canonical\" href=\"https:\/\/jenefumeplus.org\/jnfp\/index.php\/2025\/03\/03\/enquete-annuelle-jnfp-2024-2025-lessentiel-en-infographies\/\" \/>\n<meta property=\"og:locale\" content=\"fr_FR\" \/>\n<meta property=\"og:type\" content=\"article\" \/>\n<meta property=\"og:title\" content=\"Enqu\u00eate annuelle #JNFP - 2024-2025 - L&#039;essentiel en infographies. - Je ne fume plus ! #JNFP\" \/>\n<meta property=\"og:description\" content=\"Ce document a pour objet de faire une synth\u00e8se du rapport d\u2019enqu\u00eate du groupe \u00ab Je ne fume plus ! \u00bb r\u00e9alis\u00e9e en janvier et f\u00e9vrier 2025.\u00a0 L\u2019objectif de l\u2019enqu\u00eate \u00e9tait de mieux comprendre les enjeux du groupe \u00ab Je ne fume plus ! #jnfp \u00bb dans la d\u00e9marche d\u2019arr\u00eat du tabac de ses membres.&nbsp;...\" \/>\n<meta property=\"og:url\" content=\"https:\/\/jenefumeplus.org\/jnfp\/index.php\/2025\/03\/03\/enquete-annuelle-jnfp-2024-2025-lessentiel-en-infographies\/\" \/>\n<meta property=\"og:site_name\" content=\"Je ne fume plus ! #JNFP\" \/>\n<meta property=\"article:published_time\" content=\"2025-03-03T10:03:05+00:00\" \/>\n<meta property=\"article:modified_time\" content=\"2025-03-03T10:03:44+00:00\" \/>\n<meta property=\"og:image\" content=\"https:\/\/jenefumeplus.org\/jnfp\/wp-content\/uploads\/2025\/03\/ENQUETE-MARS-2024.jpg\" \/>\n\t<meta property=\"og:image:width\" content=\"1414\" \/>\n\t<meta property=\"og:image:height\" content=\"2000\" \/>\n\t<meta property=\"og:image:type\" content=\"image\/jpeg\" \/>\n<meta name=\"author\" content=\"Beno\u00eet Beaume\" \/>\n<meta name=\"twitter:card\" content=\"summary_large_image\" \/>\n<meta name=\"twitter:label1\" content=\"\u00c9crit par\" \/>\n\t<meta name=\"twitter:data1\" content=\"Beno\u00eet Beaume\" \/>\n\t<meta name=\"twitter:label2\" content=\"Dur\u00e9e de lecture estim\u00e9e\" \/>\n\t<meta name=\"twitter:data2\" content=\"1 minute\" \/>\n<script type=\"application\/ld+json\" class=\"yoast-schema-graph\">{\"@context\":\"https:\\\/\\\/schema.org\",\"@graph\":[{\"@type\":\"Article\",\"@id\":\"https:\\\/\\\/jenefumeplus.org\\\/jnfp\\\/index.php\\\/2025\\\/03\\\/03\\\/enquete-annuelle-jnfp-2024-2025-lessentiel-en-infographies\\\/#article\",\"isPartOf\":{\"@id\":\"https:\\\/\\\/jenefumeplus.org\\\/jnfp\\\/index.php\\\/2025\\\/03\\\/03\\\/enquete-annuelle-jnfp-2024-2025-lessentiel-en-infographies\\\/\"},\"author\":{\"name\":\"Beno\u00eet Beaume\",\"@id\":\"https:\\\/\\\/jenefumeplus.org\\\/jnfp\\\/#\\\/schema\\\/person\\\/571b5ca38c52cece04ea2217a7f98d4f\"},\"headline\":\"Enqu\u00eate annuelle #JNFP &#8211; 2024-2025 &#8211; L&#8217;essentiel en infographies.\",\"datePublished\":\"2025-03-03T10:03:05+00:00\",\"dateModified\":\"2025-03-03T10:03:44+00:00\",\"mainEntityOfPage\":{\"@id\":\"https:\\\/\\\/jenefumeplus.org\\\/jnfp\\\/index.php\\\/2025\\\/03\\\/03\\\/enquete-annuelle-jnfp-2024-2025-lessentiel-en-infographies\\\/\"},\"wordCount\":169,\"commentCount\":0,\"publisher\":{\"@id\":\"https:\\\/\\\/jenefumeplus.org\\\/jnfp\\\/#organization\"},\"image\":{\"@id\":\"https:\\\/\\\/jenefumeplus.org\\\/jnfp\\\/index.php\\\/2025\\\/03\\\/03\\\/enquete-annuelle-jnfp-2024-2025-lessentiel-en-infographies\\\/#primaryimage\"},\"thumbnailUrl\":\"https:\\\/\\\/jenefumeplus.org\\\/jnfp\\\/wp-content\\\/uploads\\\/2025\\\/03\\\/ENQUETE-MARS-2024.jpg\",\"inLanguage\":\"fr-FR\",\"potentialAction\":[{\"@type\":\"CommentAction\",\"name\":\"Comment\",\"target\":[\"https:\\\/\\\/jenefumeplus.org\\\/jnfp\\\/index.php\\\/2025\\\/03\\\/03\\\/enquete-annuelle-jnfp-2024-2025-lessentiel-en-infographies\\\/#respond\"]}]},{\"@type\":\"WebPage\",\"@id\":\"https:\\\/\\\/jenefumeplus.org\\\/jnfp\\\/index.php\\\/2025\\\/03\\\/03\\\/enquete-annuelle-jnfp-2024-2025-lessentiel-en-infographies\\\/\",\"url\":\"https:\\\/\\\/jenefumeplus.org\\\/jnfp\\\/index.php\\\/2025\\\/03\\\/03\\\/enquete-annuelle-jnfp-2024-2025-lessentiel-en-infographies\\\/\",\"name\":\"Enqu\u00eate annuelle #JNFP - 2024-2025 - L'essentiel en infographies. - Je ne fume plus ! #JNFP\",\"isPartOf\":{\"@id\":\"https:\\\/\\\/jenefumeplus.org\\\/jnfp\\\/#website\"},\"primaryImageOfPage\":{\"@id\":\"https:\\\/\\\/jenefumeplus.org\\\/jnfp\\\/index.php\\\/2025\\\/03\\\/03\\\/enquete-annuelle-jnfp-2024-2025-lessentiel-en-infographies\\\/#primaryimage\"},\"image\":{\"@id\":\"https:\\\/\\\/jenefumeplus.org\\\/jnfp\\\/index.php\\\/2025\\\/03\\\/03\\\/enquete-annuelle-jnfp-2024-2025-lessentiel-en-infographies\\\/#primaryimage\"},\"thumbnailUrl\":\"https:\\\/\\\/jenefumeplus.org\\\/jnfp\\\/wp-content\\\/uploads\\\/2025\\\/03\\\/ENQUETE-MARS-2024.jpg\",\"datePublished\":\"2025-03-03T10:03:05+00:00\",\"dateModified\":\"2025-03-03T10:03:44+00:00\",\"breadcrumb\":{\"@id\":\"https:\\\/\\\/jenefumeplus.org\\\/jnfp\\\/index.php\\\/2025\\\/03\\\/03\\\/enquete-annuelle-jnfp-2024-2025-lessentiel-en-infographies\\\/#breadcrumb\"},\"inLanguage\":\"fr-FR\",\"potentialAction\":[{\"@type\":\"ReadAction\",\"target\":[\"https:\\\/\\\/jenefumeplus.org\\\/jnfp\\\/index.php\\\/2025\\\/03\\\/03\\\/enquete-annuelle-jnfp-2024-2025-lessentiel-en-infographies\\\/\"]}]},{\"@type\":\"ImageObject\",\"inLanguage\":\"fr-FR\",\"@id\":\"https:\\\/\\\/jenefumeplus.org\\\/jnfp\\\/index.php\\\/2025\\\/03\\\/03\\\/enquete-annuelle-jnfp-2024-2025-lessentiel-en-infographies\\\/#primaryimage\",\"url\":\"https:\\\/\\\/jenefumeplus.org\\\/jnfp\\\/wp-content\\\/uploads\\\/2025\\\/03\\\/ENQUETE-MARS-2024.jpg\",\"contentUrl\":\"https:\\\/\\\/jenefumeplus.org\\\/jnfp\\\/wp-content\\\/uploads\\\/2025\\\/03\\\/ENQUETE-MARS-2024.jpg\",\"width\":1414,\"height\":2000},{\"@type\":\"BreadcrumbList\",\"@id\":\"https:\\\/\\\/jenefumeplus.org\\\/jnfp\\\/index.php\\\/2025\\\/03\\\/03\\\/enquete-annuelle-jnfp-2024-2025-lessentiel-en-infographies\\\/#breadcrumb\",\"itemListElement\":[{\"@type\":\"ListItem\",\"position\":1,\"name\":\"Accueil\",\"item\":\"https:\\\/\\\/jenefumeplus.org\\\/jnfp\\\/\"},{\"@type\":\"ListItem\",\"position\":2,\"name\":\"Enqu\u00eate annuelle #JNFP &#8211; 2024-2025 &#8211; L&#8217;essentiel en infographies.\"}]},{\"@type\":\"WebSite\",\"@id\":\"https:\\\/\\\/jenefumeplus.org\\\/jnfp\\\/#website\",\"url\":\"https:\\\/\\\/jenefumeplus.org\\\/jnfp\\\/\",\"name\":\"Je ne fume plus ! #JNFP\",\"description\":\"Arr\u00eater de fumer, oui, mais pas tout-e seul-e !\",\"publisher\":{\"@id\":\"https:\\\/\\\/jenefumeplus.org\\\/jnfp\\\/#organization\"},\"potentialAction\":[{\"@type\":\"SearchAction\",\"target\":{\"@type\":\"EntryPoint\",\"urlTemplate\":\"https:\\\/\\\/jenefumeplus.org\\\/jnfp\\\/?s={search_term_string}\"},\"query-input\":{\"@type\":\"PropertyValueSpecification\",\"valueRequired\":true,\"valueName\":\"search_term_string\"}}],\"inLanguage\":\"fr-FR\"},{\"@type\":\"Organization\",\"@id\":\"https:\\\/\\\/jenefumeplus.org\\\/jnfp\\\/#organization\",\"name\":\"Je ne fume plus ! #JNFP\",\"url\":\"https:\\\/\\\/jenefumeplus.org\\\/jnfp\\\/\",\"logo\":{\"@type\":\"ImageObject\",\"inLanguage\":\"fr-FR\",\"@id\":\"https:\\\/\\\/jenefumeplus.org\\\/jnfp\\\/#\\\/schema\\\/logo\\\/image\\\/\",\"url\":\"https:\\\/\\\/jenefumeplus.org\\\/jnfp\\\/wp-content\\\/uploads\\\/2023\\\/08\\\/cropped-Logo-JNFP-2069x702-2.png\",\"contentUrl\":\"https:\\\/\\\/jenefumeplus.org\\\/jnfp\\\/wp-content\\\/uploads\\\/2023\\\/08\\\/cropped-Logo-JNFP-2069x702-2.png\",\"width\":2200,\"height\":701,\"caption\":\"Je ne fume plus ! #JNFP\"},\"image\":{\"@id\":\"https:\\\/\\\/jenefumeplus.org\\\/jnfp\\\/#\\\/schema\\\/logo\\\/image\\\/\"}},{\"@type\":\"Person\",\"@id\":\"https:\\\/\\\/jenefumeplus.org\\\/jnfp\\\/#\\\/schema\\\/person\\\/571b5ca38c52cece04ea2217a7f98d4f\",\"name\":\"Beno\u00eet Beaume\",\"image\":{\"@type\":\"ImageObject\",\"inLanguage\":\"fr-FR\",\"@id\":\"https:\\\/\\\/secure.gravatar.com\\\/avatar\\\/638d49df67e6b63a0adaccfc08e0599f597d1dadbde2f4cae7cdfa57f8fbc07e?s=96&d=mm&r=g\",\"url\":\"https:\\\/\\\/secure.gravatar.com\\\/avatar\\\/638d49df67e6b63a0adaccfc08e0599f597d1dadbde2f4cae7cdfa57f8fbc07e?s=96&d=mm&r=g\",\"contentUrl\":\"https:\\\/\\\/secure.gravatar.com\\\/avatar\\\/638d49df67e6b63a0adaccfc08e0599f597d1dadbde2f4cae7cdfa57f8fbc07e?s=96&d=mm&r=g\",\"caption\":\"Beno\u00eet Beaume\"},\"url\":\"https:\\\/\\\/jenefumeplus.org\\\/jnfp\\\/index.php\\\/author\\\/bbeaume\\\/\"}]}<\/script>\n<!-- \/ Yoast SEO plugin. -->","yoast_head_json":{"title":"Enqu\u00eate annuelle #JNFP - 2024-2025 - L'essentiel en infographies. - Je ne fume plus ! #JNFP","robots":{"index":"index","follow":"follow","max-snippet":"max-snippet:-1","max-image-preview":"max-image-preview:large","max-video-preview":"max-video-preview:-1"},"canonical":"https:\/\/jenefumeplus.org\/jnfp\/index.php\/2025\/03\/03\/enquete-annuelle-jnfp-2024-2025-lessentiel-en-infographies\/","og_locale":"fr_FR","og_type":"article","og_title":"Enqu\u00eate annuelle #JNFP - 2024-2025 - L'essentiel en infographies. - Je ne fume plus ! #JNFP","og_description":"Ce document a pour objet de faire une synth\u00e8se du rapport d\u2019enqu\u00eate du groupe \u00ab Je ne fume plus ! \u00bb r\u00e9alis\u00e9e en janvier et f\u00e9vrier 2025.\u00a0 L\u2019objectif de l\u2019enqu\u00eate \u00e9tait de mieux comprendre les enjeux du groupe \u00ab Je ne fume plus ! #jnfp \u00bb dans la d\u00e9marche d\u2019arr\u00eat du tabac de ses membres.&nbsp;...","og_url":"https:\/\/jenefumeplus.org\/jnfp\/index.php\/2025\/03\/03\/enquete-annuelle-jnfp-2024-2025-lessentiel-en-infographies\/","og_site_name":"Je ne fume plus ! #JNFP","article_published_time":"2025-03-03T10:03:05+00:00","article_modified_time":"2025-03-03T10:03:44+00:00","og_image":[{"width":1414,"height":2000,"url":"https:\/\/jenefumeplus.org\/jnfp\/wp-content\/uploads\/2025\/03\/ENQUETE-MARS-2024.jpg","type":"image\/jpeg"}],"author":"Beno\u00eet Beaume","twitter_card":"summary_large_image","twitter_misc":{"\u00c9crit par":"Beno\u00eet Beaume","Dur\u00e9e de lecture estim\u00e9e":"1 minute"},"schema":{"@context":"https:\/\/schema.org","@graph":[{"@type":"Article","@id":"https:\/\/jenefumeplus.org\/jnfp\/index.php\/2025\/03\/03\/enquete-annuelle-jnfp-2024-2025-lessentiel-en-infographies\/#article","isPartOf":{"@id":"https:\/\/jenefumeplus.org\/jnfp\/index.php\/2025\/03\/03\/enquete-annuelle-jnfp-2024-2025-lessentiel-en-infographies\/"},"author":{"name":"Beno\u00eet Beaume","@id":"https:\/\/jenefumeplus.org\/jnfp\/#\/schema\/person\/571b5ca38c52cece04ea2217a7f98d4f"},"headline":"Enqu\u00eate annuelle #JNFP &#8211; 2024-2025 &#8211; L&#8217;essentiel en infographies.","datePublished":"2025-03-03T10:03:05+00:00","dateModified":"2025-03-03T10:03:44+00:00","mainEntityOfPage":{"@id":"https:\/\/jenefumeplus.org\/jnfp\/index.php\/2025\/03\/03\/enquete-annuelle-jnfp-2024-2025-lessentiel-en-infographies\/"},"wordCount":169,"commentCount":0,"publisher":{"@id":"https:\/\/jenefumeplus.org\/jnfp\/#organization"},"image":{"@id":"https:\/\/jenefumeplus.org\/jnfp\/index.php\/2025\/03\/03\/enquete-annuelle-jnfp-2024-2025-lessentiel-en-infographies\/#primaryimage"},"thumbnailUrl":"https:\/\/jenefumeplus.org\/jnfp\/wp-content\/uploads\/2025\/03\/ENQUETE-MARS-2024.jpg","inLanguage":"fr-FR","potentialAction":[{"@type":"CommentAction","name":"Comment","target":["https:\/\/jenefumeplus.org\/jnfp\/index.php\/2025\/03\/03\/enquete-annuelle-jnfp-2024-2025-lessentiel-en-infographies\/#respond"]}]},{"@type":"WebPage","@id":"https:\/\/jenefumeplus.org\/jnfp\/index.php\/2025\/03\/03\/enquete-annuelle-jnfp-2024-2025-lessentiel-en-infographies\/","url":"https:\/\/jenefumeplus.org\/jnfp\/index.php\/2025\/03\/03\/enquete-annuelle-jnfp-2024-2025-lessentiel-en-infographies\/","name":"Enqu\u00eate annuelle #JNFP - 2024-2025 - L'essentiel en infographies. - Je ne fume plus ! #JNFP","isPartOf":{"@id":"https:\/\/jenefumeplus.org\/jnfp\/#website"},"primaryImageOfPage":{"@id":"https:\/\/jenefumeplus.org\/jnfp\/index.php\/2025\/03\/03\/enquete-annuelle-jnfp-2024-2025-lessentiel-en-infographies\/#primaryimage"},"image":{"@id":"https:\/\/jenefumeplus.org\/jnfp\/index.php\/2025\/03\/03\/enquete-annuelle-jnfp-2024-2025-lessentiel-en-infographies\/#primaryimage"},"thumbnailUrl":"https:\/\/jenefumeplus.org\/jnfp\/wp-content\/uploads\/2025\/03\/ENQUETE-MARS-2024.jpg","datePublished":"2025-03-03T10:03:05+00:00","dateModified":"2025-03-03T10:03:44+00:00","breadcrumb":{"@id":"https:\/\/jenefumeplus.org\/jnfp\/index.php\/2025\/03\/03\/enquete-annuelle-jnfp-2024-2025-lessentiel-en-infographies\/#breadcrumb"},"inLanguage":"fr-FR","potentialAction":[{"@type":"ReadAction","target":["https:\/\/jenefumeplus.org\/jnfp\/index.php\/2025\/03\/03\/enquete-annuelle-jnfp-2024-2025-lessentiel-en-infographies\/"]}]},{"@type":"ImageObject","inLanguage":"fr-FR","@id":"https:\/\/jenefumeplus.org\/jnfp\/index.php\/2025\/03\/03\/enquete-annuelle-jnfp-2024-2025-lessentiel-en-infographies\/#primaryimage","url":"https:\/\/jenefumeplus.org\/jnfp\/wp-content\/uploads\/2025\/03\/ENQUETE-MARS-2024.jpg","contentUrl":"https:\/\/jenefumeplus.org\/jnfp\/wp-content\/uploads\/2025\/03\/ENQUETE-MARS-2024.jpg","width":1414,"height":2000},{"@type":"BreadcrumbList","@id":"https:\/\/jenefumeplus.org\/jnfp\/index.php\/2025\/03\/03\/enquete-annuelle-jnfp-2024-2025-lessentiel-en-infographies\/#breadcrumb","itemListElement":[{"@type":"ListItem","position":1,"name":"Accueil","item":"https:\/\/jenefumeplus.org\/jnfp\/"},{"@type":"ListItem","position":2,"name":"Enqu\u00eate annuelle #JNFP &#8211; 2024-2025 &#8211; L&#8217;essentiel en infographies."}]},{"@type":"WebSite","@id":"https:\/\/jenefumeplus.org\/jnfp\/#website","url":"https:\/\/jenefumeplus.org\/jnfp\/","name":"Je ne fume plus ! #JNFP","description":"Arr\u00eater de fumer, oui, mais pas tout-e seul-e !","publisher":{"@id":"https:\/\/jenefumeplus.org\/jnfp\/#organization"},"potentialAction":[{"@type":"SearchAction","target":{"@type":"EntryPoint","urlTemplate":"https:\/\/jenefumeplus.org\/jnfp\/?s={search_term_string}"},"query-input":{"@type":"PropertyValueSpecification","valueRequired":true,"valueName":"search_term_string"}}],"inLanguage":"fr-FR"},{"@type":"Organization","@id":"https:\/\/jenefumeplus.org\/jnfp\/#organization","name":"Je ne fume plus ! #JNFP","url":"https:\/\/jenefumeplus.org\/jnfp\/","logo":{"@type":"ImageObject","inLanguage":"fr-FR","@id":"https:\/\/jenefumeplus.org\/jnfp\/#\/schema\/logo\/image\/","url":"https:\/\/jenefumeplus.org\/jnfp\/wp-content\/uploads\/2023\/08\/cropped-Logo-JNFP-2069x702-2.png","contentUrl":"https:\/\/jenefumeplus.org\/jnfp\/wp-content\/uploads\/2023\/08\/cropped-Logo-JNFP-2069x702-2.png","width":2200,"height":701,"caption":"Je ne fume plus ! #JNFP"},"image":{"@id":"https:\/\/jenefumeplus.org\/jnfp\/#\/schema\/logo\/image\/"}},{"@type":"Person","@id":"https:\/\/jenefumeplus.org\/jnfp\/#\/schema\/person\/571b5ca38c52cece04ea2217a7f98d4f","name":"Beno\u00eet Beaume","image":{"@type":"ImageObject","inLanguage":"fr-FR","@id":"https:\/\/secure.gravatar.com\/avatar\/638d49df67e6b63a0adaccfc08e0599f597d1dadbde2f4cae7cdfa57f8fbc07e?s=96&d=mm&r=g","url":"https:\/\/secure.gravatar.com\/avatar\/638d49df67e6b63a0adaccfc08e0599f597d1dadbde2f4cae7cdfa57f8fbc07e?s=96&d=mm&r=g","contentUrl":"https:\/\/secure.gravatar.com\/avatar\/638d49df67e6b63a0adaccfc08e0599f597d1dadbde2f4cae7cdfa57f8fbc07e?s=96&d=mm&r=g","caption":"Beno\u00eet Beaume"},"url":"https:\/\/jenefumeplus.org\/jnfp\/index.php\/author\/bbeaume\/"}]}},"_links":{"self":[{"href":"https:\/\/jenefumeplus.org\/jnfp\/index.php\/wp-json\/wp\/v2\/posts\/1736","targetHints":{"allow":["GET"]}}],"collection":[{"href":"https:\/\/jenefumeplus.org\/jnfp\/index.php\/wp-json\/wp\/v2\/posts"}],"about":[{"href":"https:\/\/jenefumeplus.org\/jnfp\/index.php\/wp-json\/wp\/v2\/types\/post"}],"author":[{"embeddable":true,"href":"https:\/\/jenefumeplus.org\/jnfp\/index.php\/wp-json\/wp\/v2\/users\/8"}],"replies":[{"embeddable":true,"href":"https:\/\/jenefumeplus.org\/jnfp\/index.php\/wp-json\/wp\/v2\/comments?post=1736"}],"version-history":[{"count":1,"href":"https:\/\/jenefumeplus.org\/jnfp\/index.php\/wp-json\/wp\/v2\/posts\/1736\/revisions"}],"predecessor-version":[{"id":1741,"href":"https:\/\/jenefumeplus.org\/jnfp\/index.php\/wp-json\/wp\/v2\/posts\/1736\/revisions\/1741"}],"wp:featuredmedia":[{"embeddable":true,"href":"https:\/\/jenefumeplus.org\/jnfp\/index.php\/wp-json\/wp\/v2\/media\/1740"}],"wp:attachment":[{"href":"https:\/\/jenefumeplus.org\/jnfp\/index.php\/wp-json\/wp\/v2\/media?parent=1736"}],"wp:term":[{"taxonomy":"category","embeddable":true,"href":"https:\/\/jenefumeplus.org\/jnfp\/index.php\/wp-json\/wp\/v2\/categories?post=1736"},{"taxonomy":"post_tag","embeddable":true,"href":"https:\/\/jenefumeplus.org\/jnfp\/index.php\/wp-json\/wp\/v2\/tags?post=1736"}],"curies":[{"name":"wp","href":"https:\/\/api.w.org\/{rel}","templated":true}]}}