{"id":130,"date":"2021-04-21T16:39:23","date_gmt":"2021-04-21T14:39:23","guid":{"rendered":"https:\/\/jenefumeplus.org\/jnfp\/?p=130"},"modified":"2021-04-23T11:17:20","modified_gmt":"2021-04-23T09:17:20","slug":"05-02-le-cim-10-icd-classification-internationale-des-maladies","status":"publish","type":"post","link":"https:\/\/jenefumeplus.org\/jnfp\/index.php\/2021\/04\/21\/05-02-le-cim-10-icd-classification-internationale-des-maladies\/","title":{"rendered":"05.02 Le Cim-10\/ICD : Classification internationale des maladies"},"content":{"rendered":"\n<p><a href=\"https:\/\/jenefumeplus.org\/jnfp\/index.php\/2021\/04\/19\/le-sachiez-vous\/\">Retour au sommaire<\/a><\/p>\n\n\n\n<h2 class=\"has-text-align-center has-vivid-cyan-blue-color has-text-color has-medium-font-size wp-block-heading\"><strong>Cim-10 \/ ICD : Classification internationale des maladies<\/strong><br>(et des probl\u00e8mes de sant\u00e9 connexes) cr\u00e9\u00e9e par l&#8217;Organisation Mondiale de la Sant\u00e9 (<a href=\"https:\/\/www.who.int\/fr\/\" target=\"_blank\" rel=\"noreferrer noopener\">OMS\/WHO<\/a>).<\/h2>\n\n\n\n<p>Dans ce diagnostic, au moins 3 crit\u00e8res doivent avoir \u00e9t\u00e9 pr\u00e9sents en m\u00eame temps, au cours des 12 derniers mois :<\/p>\n\n\n\n<p>1. Un d\u00e9sir puissant ou compulsif d\u2019utiliser une substance psychoactive ;<\/p>\n\n\n\n<p>2. Difficult\u00e9s \u00e0 contr\u00f4ler l\u2019utilisation de la substance (d\u00e9but ou interruption de la consommation ou niveaux d\u2019utilisation) ;<\/p>\n\n\n\n<p>3. Syndrome de sevrage physiologique quand le sujet diminue ou arr\u00eate la consommation d\u2019une substance psychoactive, comme en t\u00e9moignent la survenue d\u2019un syndrome de sevrage caract\u00e9ristique de la substance ou l\u2019utilisation de la m\u00eame substance (ou d\u2019une substance apparent\u00e9e) pour soulager ou \u00e9viter les sympt\u00f4mes de sevrage ;<\/p>\n\n\n\n<p>4. Mise en \u00e9vidence d\u2019une tol\u00e9rance aux effets de la substance psychoactive : le sujet a besoin d\u2019une quantit\u00e9 plus importante de la substance pour obtenir l\u2019effet d\u00e9sir\u00e9 ;<\/p>\n\n\n\n<p>5. Abandon progressif d\u2019autres sources de plaisir et d\u2019int\u00e9r\u00eats au profit de l\u2019utilisation de la substance psychoactive, et augmentation du temps pass\u00e9 \u00e0 se procurer la substance, la consommer, ou r\u00e9cup\u00e9rer de ses effets ;<\/p>\n\n\n\n<p>6. Poursuite de la consommation de la substance malgr\u00e9 ces cons\u00e9quences manifestement nocives. On doit s\u2019efforcer de pr\u00e9ciser si le sujet \u00e9tait au courant, ou s\u2019il aurait d\u00fb \u00eatre au courant, de la nature et de la gravit\u00e9 des cons\u00e9quences nocives.<\/p>\n","protected":false},"excerpt":{"rendered":"<p>Dans ce diagnostic, au moins 3 crit\u00e8res doivent avoir \u00e9t\u00e9 pr\u00e9sents en m\u00eame temps, au cours des 12 derniers mois :<\/p>\n","protected":false},"author":1,"featured_media":0,"comment_status":"closed","ping_status":"closed","sticky":false,"template":"","format":"standard","meta":{"iawp_total_views":7,"footnotes":""},"categories":[9,33],"tags":[28,10,26],"class_list":["post-130","post","type-post","status-publish","format-standard","hentry","category-le-sachiez-vous","category-les-classifications","tag-cim-10-icd","tag-lsv-le-sachiez-vous","tag-les-classifications"],"yoast_head":"<!-- This site is optimized with the Yoast SEO plugin v27.5 - https:\/\/yoast.com\/product\/yoast-seo-wordpress\/ -->\n<title>05.02 Le Cim-10\/ICD : Classification internationale des maladies - Je ne fume plus ! #JNFP<\/title>\n<meta name=\"robots\" content=\"index, follow, max-snippet:-1, max-image-preview:large, max-video-preview:-1\" \/>\n<link rel=\"canonical\" href=\"https:\/\/jenefumeplus.org\/jnfp\/index.php\/2021\/04\/21\/05-02-le-cim-10-icd-classification-internationale-des-maladies\/\" \/>\n<meta property=\"og:locale\" content=\"fr_FR\" \/>\n<meta property=\"og:type\" content=\"article\" \/>\n<meta property=\"og:title\" content=\"05.02 Le Cim-10\/ICD : Classification internationale des maladies - Je ne fume plus ! #JNFP\" \/>\n<meta property=\"og:description\" content=\"Dans ce diagnostic, au moins 3 crit\u00e8res doivent avoir \u00e9t\u00e9 pr\u00e9sents en m\u00eame temps, au cours des 12 derniers mois :\" \/>\n<meta property=\"og:url\" content=\"https:\/\/jenefumeplus.org\/jnfp\/index.php\/2021\/04\/21\/05-02-le-cim-10-icd-classification-internationale-des-maladies\/\" \/>\n<meta property=\"og:site_name\" content=\"Je ne fume plus ! #JNFP\" \/>\n<meta property=\"article:published_time\" content=\"2021-04-21T14:39:23+00:00\" \/>\n<meta property=\"article:modified_time\" content=\"2021-04-23T09:17:20+00:00\" \/>\n<meta name=\"author\" content=\"jnfp_rootman\" \/>\n<meta name=\"twitter:card\" content=\"summary_large_image\" \/>\n<meta name=\"twitter:label1\" content=\"\u00c9crit par\" \/>\n\t<meta name=\"twitter:data1\" content=\"jnfp_rootman\" \/>\n\t<meta name=\"twitter:label2\" content=\"Dur\u00e9e de lecture estim\u00e9e\" \/>\n\t<meta name=\"twitter:data2\" content=\"1 minute\" \/>\n<script type=\"application\/ld+json\" class=\"yoast-schema-graph\">{\"@context\":\"https:\\\/\\\/schema.org\",\"@graph\":[{\"@type\":\"Article\",\"@id\":\"https:\\\/\\\/jenefumeplus.org\\\/jnfp\\\/index.php\\\/2021\\\/04\\\/21\\\/05-02-le-cim-10-icd-classification-internationale-des-maladies\\\/#article\",\"isPartOf\":{\"@id\":\"https:\\\/\\\/jenefumeplus.org\\\/jnfp\\\/index.php\\\/2021\\\/04\\\/21\\\/05-02-le-cim-10-icd-classification-internationale-des-maladies\\\/\"},\"author\":{\"name\":\"jnfp_rootman\",\"@id\":\"https:\\\/\\\/jenefumeplus.org\\\/jnfp\\\/#\\\/schema\\\/person\\\/17ebb0813e8fb4aacf2580e75766b18b\"},\"headline\":\"05.02 Le Cim-10\\\/ICD : Classification internationale des maladies\",\"datePublished\":\"2021-04-21T14:39:23+00:00\",\"dateModified\":\"2021-04-23T09:17:20+00:00\",\"mainEntityOfPage\":{\"@id\":\"https:\\\/\\\/jenefumeplus.org\\\/jnfp\\\/index.php\\\/2021\\\/04\\\/21\\\/05-02-le-cim-10-icd-classification-internationale-des-maladies\\\/\"},\"wordCount\":257,\"publisher\":{\"@id\":\"https:\\\/\\\/jenefumeplus.org\\\/jnfp\\\/#organization\"},\"keywords\":[\"Cim-10\\\/ICD\",\"Le sachiez-vous ?\",\"Les classifications\"],\"articleSection\":[\"Le sachiez-vous ?\",\"Les classifications\"],\"inLanguage\":\"fr-FR\"},{\"@type\":\"WebPage\",\"@id\":\"https:\\\/\\\/jenefumeplus.org\\\/jnfp\\\/index.php\\\/2021\\\/04\\\/21\\\/05-02-le-cim-10-icd-classification-internationale-des-maladies\\\/\",\"url\":\"https:\\\/\\\/jenefumeplus.org\\\/jnfp\\\/index.php\\\/2021\\\/04\\\/21\\\/05-02-le-cim-10-icd-classification-internationale-des-maladies\\\/\",\"name\":\"05.02 Le Cim-10\\\/ICD : Classification internationale des maladies - Je ne fume plus ! #JNFP\",\"isPartOf\":{\"@id\":\"https:\\\/\\\/jenefumeplus.org\\\/jnfp\\\/#website\"},\"datePublished\":\"2021-04-21T14:39:23+00:00\",\"dateModified\":\"2021-04-23T09:17:20+00:00\",\"breadcrumb\":{\"@id\":\"https:\\\/\\\/jenefumeplus.org\\\/jnfp\\\/index.php\\\/2021\\\/04\\\/21\\\/05-02-le-cim-10-icd-classification-internationale-des-maladies\\\/#breadcrumb\"},\"inLanguage\":\"fr-FR\",\"potentialAction\":[{\"@type\":\"ReadAction\",\"target\":[\"https:\\\/\\\/jenefumeplus.org\\\/jnfp\\\/index.php\\\/2021\\\/04\\\/21\\\/05-02-le-cim-10-icd-classification-internationale-des-maladies\\\/\"]}]},{\"@type\":\"BreadcrumbList\",\"@id\":\"https:\\\/\\\/jenefumeplus.org\\\/jnfp\\\/index.php\\\/2021\\\/04\\\/21\\\/05-02-le-cim-10-icd-classification-internationale-des-maladies\\\/#breadcrumb\",\"itemListElement\":[{\"@type\":\"ListItem\",\"position\":1,\"name\":\"Accueil\",\"item\":\"https:\\\/\\\/jenefumeplus.org\\\/jnfp\\\/\"},{\"@type\":\"ListItem\",\"position\":2,\"name\":\"05.02 Le Cim-10\\\/ICD : Classification internationale des maladies\"}]},{\"@type\":\"WebSite\",\"@id\":\"https:\\\/\\\/jenefumeplus.org\\\/jnfp\\\/#website\",\"url\":\"https:\\\/\\\/jenefumeplus.org\\\/jnfp\\\/\",\"name\":\"Je ne fume plus ! #JNFP\",\"description\":\"Arr\u00eater de fumer, oui, mais pas tout-e seul-e !\",\"publisher\":{\"@id\":\"https:\\\/\\\/jenefumeplus.org\\\/jnfp\\\/#organization\"},\"potentialAction\":[{\"@type\":\"SearchAction\",\"target\":{\"@type\":\"EntryPoint\",\"urlTemplate\":\"https:\\\/\\\/jenefumeplus.org\\\/jnfp\\\/?s={search_term_string}\"},\"query-input\":{\"@type\":\"PropertyValueSpecification\",\"valueRequired\":true,\"valueName\":\"search_term_string\"}}],\"inLanguage\":\"fr-FR\"},{\"@type\":\"Organization\",\"@id\":\"https:\\\/\\\/jenefumeplus.org\\\/jnfp\\\/#organization\",\"name\":\"Je ne fume plus ! #JNFP\",\"url\":\"https:\\\/\\\/jenefumeplus.org\\\/jnfp\\\/\",\"logo\":{\"@type\":\"ImageObject\",\"inLanguage\":\"fr-FR\",\"@id\":\"https:\\\/\\\/jenefumeplus.org\\\/jnfp\\\/#\\\/schema\\\/logo\\\/image\\\/\",\"url\":\"https:\\\/\\\/jenefumeplus.org\\\/jnfp\\\/wp-content\\\/uploads\\\/2023\\\/08\\\/cropped-Logo-JNFP-2069x702-2.png\",\"contentUrl\":\"https:\\\/\\\/jenefumeplus.org\\\/jnfp\\\/wp-content\\\/uploads\\\/2023\\\/08\\\/cropped-Logo-JNFP-2069x702-2.png\",\"width\":2200,\"height\":701,\"caption\":\"Je ne fume plus ! #JNFP\"},\"image\":{\"@id\":\"https:\\\/\\\/jenefumeplus.org\\\/jnfp\\\/#\\\/schema\\\/logo\\\/image\\\/\"}},{\"@type\":\"Person\",\"@id\":\"https:\\\/\\\/jenefumeplus.org\\\/jnfp\\\/#\\\/schema\\\/person\\\/17ebb0813e8fb4aacf2580e75766b18b\",\"name\":\"jnfp_rootman\",\"image\":{\"@type\":\"ImageObject\",\"inLanguage\":\"fr-FR\",\"@id\":\"https:\\\/\\\/secure.gravatar.com\\\/avatar\\\/1de74b9a65890a3d386545f909dcb7642d9de5d98f41762bf62becb1cb2b1c76?s=96&d=mm&r=g\",\"url\":\"https:\\\/\\\/secure.gravatar.com\\\/avatar\\\/1de74b9a65890a3d386545f909dcb7642d9de5d98f41762bf62becb1cb2b1c76?s=96&d=mm&r=g\",\"contentUrl\":\"https:\\\/\\\/secure.gravatar.com\\\/avatar\\\/1de74b9a65890a3d386545f909dcb7642d9de5d98f41762bf62becb1cb2b1c76?s=96&d=mm&r=g\",\"caption\":\"jnfp_rootman\"},\"sameAs\":[\"https:\\\/\\\/jenefumeplus.org\\\/jnfp\"],\"url\":\"https:\\\/\\\/jenefumeplus.org\\\/jnfp\\\/index.php\\\/author\\\/jnfp_rootman\\\/\"}]}<\/script>\n<!-- \/ Yoast SEO plugin. -->","yoast_head_json":{"title":"05.02 Le Cim-10\/ICD : Classification internationale des maladies - Je ne fume plus ! #JNFP","robots":{"index":"index","follow":"follow","max-snippet":"max-snippet:-1","max-image-preview":"max-image-preview:large","max-video-preview":"max-video-preview:-1"},"canonical":"https:\/\/jenefumeplus.org\/jnfp\/index.php\/2021\/04\/21\/05-02-le-cim-10-icd-classification-internationale-des-maladies\/","og_locale":"fr_FR","og_type":"article","og_title":"05.02 Le Cim-10\/ICD : Classification internationale des maladies - Je ne fume plus ! #JNFP","og_description":"Dans ce diagnostic, au moins 3 crit\u00e8res doivent avoir \u00e9t\u00e9 pr\u00e9sents en m\u00eame temps, au cours des 12 derniers mois :","og_url":"https:\/\/jenefumeplus.org\/jnfp\/index.php\/2021\/04\/21\/05-02-le-cim-10-icd-classification-internationale-des-maladies\/","og_site_name":"Je ne fume plus ! #JNFP","article_published_time":"2021-04-21T14:39:23+00:00","article_modified_time":"2021-04-23T09:17:20+00:00","author":"jnfp_rootman","twitter_card":"summary_large_image","twitter_misc":{"\u00c9crit par":"jnfp_rootman","Dur\u00e9e de lecture estim\u00e9e":"1 minute"},"schema":{"@context":"https:\/\/schema.org","@graph":[{"@type":"Article","@id":"https:\/\/jenefumeplus.org\/jnfp\/index.php\/2021\/04\/21\/05-02-le-cim-10-icd-classification-internationale-des-maladies\/#article","isPartOf":{"@id":"https:\/\/jenefumeplus.org\/jnfp\/index.php\/2021\/04\/21\/05-02-le-cim-10-icd-classification-internationale-des-maladies\/"},"author":{"name":"jnfp_rootman","@id":"https:\/\/jenefumeplus.org\/jnfp\/#\/schema\/person\/17ebb0813e8fb4aacf2580e75766b18b"},"headline":"05.02 Le Cim-10\/ICD : Classification internationale des maladies","datePublished":"2021-04-21T14:39:23+00:00","dateModified":"2021-04-23T09:17:20+00:00","mainEntityOfPage":{"@id":"https:\/\/jenefumeplus.org\/jnfp\/index.php\/2021\/04\/21\/05-02-le-cim-10-icd-classification-internationale-des-maladies\/"},"wordCount":257,"publisher":{"@id":"https:\/\/jenefumeplus.org\/jnfp\/#organization"},"keywords":["Cim-10\/ICD","Le sachiez-vous ?","Les classifications"],"articleSection":["Le sachiez-vous ?","Les classifications"],"inLanguage":"fr-FR"},{"@type":"WebPage","@id":"https:\/\/jenefumeplus.org\/jnfp\/index.php\/2021\/04\/21\/05-02-le-cim-10-icd-classification-internationale-des-maladies\/","url":"https:\/\/jenefumeplus.org\/jnfp\/index.php\/2021\/04\/21\/05-02-le-cim-10-icd-classification-internationale-des-maladies\/","name":"05.02 Le Cim-10\/ICD : Classification internationale des maladies - Je ne fume plus ! #JNFP","isPartOf":{"@id":"https:\/\/jenefumeplus.org\/jnfp\/#website"},"datePublished":"2021-04-21T14:39:23+00:00","dateModified":"2021-04-23T09:17:20+00:00","breadcrumb":{"@id":"https:\/\/jenefumeplus.org\/jnfp\/index.php\/2021\/04\/21\/05-02-le-cim-10-icd-classification-internationale-des-maladies\/#breadcrumb"},"inLanguage":"fr-FR","potentialAction":[{"@type":"ReadAction","target":["https:\/\/jenefumeplus.org\/jnfp\/index.php\/2021\/04\/21\/05-02-le-cim-10-icd-classification-internationale-des-maladies\/"]}]},{"@type":"BreadcrumbList","@id":"https:\/\/jenefumeplus.org\/jnfp\/index.php\/2021\/04\/21\/05-02-le-cim-10-icd-classification-internationale-des-maladies\/#breadcrumb","itemListElement":[{"@type":"ListItem","position":1,"name":"Accueil","item":"https:\/\/jenefumeplus.org\/jnfp\/"},{"@type":"ListItem","position":2,"name":"05.02 Le Cim-10\/ICD : Classification internationale des maladies"}]},{"@type":"WebSite","@id":"https:\/\/jenefumeplus.org\/jnfp\/#website","url":"https:\/\/jenefumeplus.org\/jnfp\/","name":"Je ne fume plus ! #JNFP","description":"Arr\u00eater de fumer, oui, mais pas tout-e seul-e !","publisher":{"@id":"https:\/\/jenefumeplus.org\/jnfp\/#organization"},"potentialAction":[{"@type":"SearchAction","target":{"@type":"EntryPoint","urlTemplate":"https:\/\/jenefumeplus.org\/jnfp\/?s={search_term_string}"},"query-input":{"@type":"PropertyValueSpecification","valueRequired":true,"valueName":"search_term_string"}}],"inLanguage":"fr-FR"},{"@type":"Organization","@id":"https:\/\/jenefumeplus.org\/jnfp\/#organization","name":"Je ne fume plus ! #JNFP","url":"https:\/\/jenefumeplus.org\/jnfp\/","logo":{"@type":"ImageObject","inLanguage":"fr-FR","@id":"https:\/\/jenefumeplus.org\/jnfp\/#\/schema\/logo\/image\/","url":"https:\/\/jenefumeplus.org\/jnfp\/wp-content\/uploads\/2023\/08\/cropped-Logo-JNFP-2069x702-2.png","contentUrl":"https:\/\/jenefumeplus.org\/jnfp\/wp-content\/uploads\/2023\/08\/cropped-Logo-JNFP-2069x702-2.png","width":2200,"height":701,"caption":"Je ne fume plus ! #JNFP"},"image":{"@id":"https:\/\/jenefumeplus.org\/jnfp\/#\/schema\/logo\/image\/"}},{"@type":"Person","@id":"https:\/\/jenefumeplus.org\/jnfp\/#\/schema\/person\/17ebb0813e8fb4aacf2580e75766b18b","name":"jnfp_rootman","image":{"@type":"ImageObject","inLanguage":"fr-FR","@id":"https:\/\/secure.gravatar.com\/avatar\/1de74b9a65890a3d386545f909dcb7642d9de5d98f41762bf62becb1cb2b1c76?s=96&d=mm&r=g","url":"https:\/\/secure.gravatar.com\/avatar\/1de74b9a65890a3d386545f909dcb7642d9de5d98f41762bf62becb1cb2b1c76?s=96&d=mm&r=g","contentUrl":"https:\/\/secure.gravatar.com\/avatar\/1de74b9a65890a3d386545f909dcb7642d9de5d98f41762bf62becb1cb2b1c76?s=96&d=mm&r=g","caption":"jnfp_rootman"},"sameAs":["https:\/\/jenefumeplus.org\/jnfp"],"url":"https:\/\/jenefumeplus.org\/jnfp\/index.php\/author\/jnfp_rootman\/"}]}},"_links":{"self":[{"href":"https:\/\/jenefumeplus.org\/jnfp\/index.php\/wp-json\/wp\/v2\/posts\/130","targetHints":{"allow":["GET"]}}],"collection":[{"href":"https:\/\/jenefumeplus.org\/jnfp\/index.php\/wp-json\/wp\/v2\/posts"}],"about":[{"href":"https:\/\/jenefumeplus.org\/jnfp\/index.php\/wp-json\/wp\/v2\/types\/post"}],"author":[{"embeddable":true,"href":"https:\/\/jenefumeplus.org\/jnfp\/index.php\/wp-json\/wp\/v2\/users\/1"}],"replies":[{"embeddable":true,"href":"https:\/\/jenefumeplus.org\/jnfp\/index.php\/wp-json\/wp\/v2\/comments?post=130"}],"version-history":[{"count":7,"href":"https:\/\/jenefumeplus.org\/jnfp\/index.php\/wp-json\/wp\/v2\/posts\/130\/revisions"}],"predecessor-version":[{"id":401,"href":"https:\/\/jenefumeplus.org\/jnfp\/index.php\/wp-json\/wp\/v2\/posts\/130\/revisions\/401"}],"wp:attachment":[{"href":"https:\/\/jenefumeplus.org\/jnfp\/index.php\/wp-json\/wp\/v2\/media?parent=130"}],"wp:term":[{"taxonomy":"category","embeddable":true,"href":"https:\/\/jenefumeplus.org\/jnfp\/index.php\/wp-json\/wp\/v2\/categories?post=130"},{"taxonomy":"post_tag","embeddable":true,"href":"https:\/\/jenefumeplus.org\/jnfp\/index.php\/wp-json\/wp\/v2\/tags?post=130"}],"curies":[{"name":"wp","href":"https:\/\/api.w.org\/{rel}","templated":true}]}}