{"id":12,"date":"2021-04-23T10:15:00","date_gmt":"2021-04-23T08:15:00","guid":{"rendered":"https:\/\/jenefumeplus.org\/jnfp\/?p=12"},"modified":"2021-05-07T11:12:59","modified_gmt":"2021-05-07T09:12:59","slug":"le-projet-e-mediation","status":"publish","type":"post","link":"https:\/\/jenefumeplus.org\/jnfp\/index.php\/2021\/04\/23\/le-projet-e-mediation\/","title":{"rendered":"Le projet e-mediation"},"content":{"rendered":"<div class='w3eden'><!-- WPDM Link Template: Default Template -->\n\n<div class=\"link-template-default card mb-2\">\n    <div class=\"card-body\">\n        <div class=\"media\">\n            <div class=\"mr-3 img-48\"><img decoding=\"async\" class=\"wpdm_icon\" alt=\"Ic\u00f4ne\" src=\"https:\/\/jenefumeplus.org\/jnfp\/wp-content\/plugins\/download-manager\/assets\/file-type-icons\/pdf.svg\" \/><\/div>\n            <div class=\"media-body\">\n                <h3 class=\"package-title\"><a href='https:\/\/jenefumeplus.org\/jnfp\/index.php\/download\/projet-e-mediation-dans-le-sevrage-tabagique-en-pays-de-la-loire\/'>Projet E-m\u00e9diation dans le sevrage tabagique en Pays de la Loire<\/a><\/h3>\n                <div class=\"text-muted text-small\"><i class=\"fas fa-copy\"><\/i> 1 fichier\u00b7s <i class=\"fas fa-hdd ml-3\"><\/i> 318.83 KB<\/div>\n            <\/div>\n            <div class=\"ml-3\">\n                <a class='wpdm-download-link download-on-click btn btn-primary ' rel='nofollow' href='#' data-downloadurl=\"https:\/\/jenefumeplus.org\/jnfp\/index.php\/download\/projet-e-mediation-dans-le-sevrage-tabagique-en-pays-de-la-loire\/?wpdmdl=11&refresh=69f4ba5c834561777646172\">T\u00e9l\u00e9charger<\/a>\n            <\/div>\n        <\/div>\n    <\/div>\n<\/div>\n\n<\/div>\n\n\n\n<figure class=\"wp-block-table\"><table><tbody><tr><td>Participer au dispositif r\u00e9gional d&#8217;aide \u00e0 l&#8217;arr\u00eat du tabac en aidant \u00e0 la diffusion d&#8217;un <strong>dispositif d\u2019e-m\u00e9diation<\/strong> \u00e0 <strong>haute disponibilit\u00e9<\/strong> (24\/7) et \u00e0 <strong>haute connectivit\u00e9<\/strong>&nbsp; (avec les dispositifs existants en sant\u00e9 et en accompagnement tabacologique et addictologique des Pays de la Loire ). <strong>en animant et d\u00e9veloppant des actions dans des groupes de parole auto-support sur les r\u00e9seaux sociaux<\/strong>&nbsp; pour une meilleure information des fumeurs lig\u00e9riens, notamment le groupe Facebook Je ne fume plus&nbsp;! et le groupe Facebook Les habitants des Pays de la Loire # Mois sans tabac. D\u2019autres groupes support pourront \u00eatre int\u00e9gr\u00e9s au fil de l\u2019action. Il s\u2019agit, \u00e0 travers l\u2019acc\u00e8s \u00ab&nbsp;sans courbe d\u2019apprentissage&nbsp;\u00bb \u00e0 des environnements d\u2019\u00e9changes ma\u00eetris\u00e9s par les internautes, de faciliter l\u2019empowerment social des fumeurs des Pays de la Loire en d\u00e9marche d\u2019arr\u00eat du tabac.<strong>en fluidifiant le recours aux structures de sant\u00e9 et d\u2019accompagnement dans les territoires<\/strong> par la diffusion d\u2019une interconnaissance entre groupes de paroles auto-support en ligne et structures et dispositifs du territoire. R\u00e9duire le treatment gap en amenant les personnes en sevrage tabagique, en r\u00e9duction des risques ou en projet de sevrage \u00e0 consulter plus t\u00f4t et mieux outill\u00e9es (strat\u00e9gie \u00ab&nbsp;push&nbsp;\u00bb), en minimisant les risques de ruptures de parcours par la prise en charge des personnes entre deux rendez-vous dans les structures (strat\u00e9gie \u00ab&nbsp;hold&nbsp;\u00bb).<strong>en r\u00e9duisant ainsi le poids des in\u00e9galit\u00e9s sociales et territoriales dans la pr\u00e9valence tabagique et leur impact sur l\u2019emploi<\/strong>, par la collaboration avec des dispositifs de politique de la ville et en s\u2019inscrivant dans les axes sant\u00e9 et social des projets de territoire, dans les m\u00e9tropoles et dans les EPCI plus ruraux, en travaillant avec les fili\u00e8res \u00e9conomiques strat\u00e9giques o\u00f9 l\u2019addiction au tabac est un frein \u00e0 l\u2019emploi.<strong>enfin en travaillant sur une \u00ab&nbsp;mont\u00e9e en comp\u00e9tences&nbsp;\u00bb de patients ex-addicts au tabac<\/strong>, rep\u00e9r\u00e9s dans les groupes d\u2019auto-support en ligne, dans les associations de patients et dans les structures de soins et d\u2019accompagnement, pour leur permettre d\u2019engager un parcours d\u2019\u00e9volution vers une posture de Patient-Expert addiction, en mesure de t\u00e9moigner de son addiction pass\u00e9e et des m\u00e9thodes utilis\u00e9es pour en sortir, de conna\u00eetre les m\u00e9canismes de l\u2019addiction et des co-addictions, de s\u2019approprier l\u2019\u00e9ducation th\u00e9rapeutique du patient, de s\u2019ins\u00e9rer dans les structures de soin et d\u2019accompagnement, de participer \u00e0 la formation des acteurs de sant\u00e9 et \u00e0 la discussion sur les orientations des politiques publiques locales et r\u00e9gionales en mati\u00e8re d\u2019addictologie, plus particuli\u00e8rement d\u2019addiction au tabac. L\u2019action est programm\u00e9e sur deux ans, s\u2019appuyant sur des acteurs locaux, r\u00e9gionaux et nationaux et u<strong>ne plateforme collaborative en ligne<\/strong>, accueillant les professionnels de sant\u00e9 et d\u2019accompagnement, les patients-experts pour des \u00e9changes et analyses autour des pratiques. Une premi\u00e8re ann\u00e9e d\u2019exp\u00e9rimentation sera suivie d\u2019une ann\u00e9e de d\u00e9ploiement r\u00e9gional sur la base des r\u00e9sultats \u00e0 mi-parcours, et se terminera par une journ\u00e9e de mobilisation r\u00e9gionale \u00e0 impact national, s\u2019appuyant sur l\u2019\u00e9valuation d\u2019une \u00e9quipe de recherche ind\u00e9pendante. Elle permettra ainsi de tracer les perspectives d\u2019un essaimage et d\u2019une p\u00e9rennisation.<\/td><\/tr><\/tbody><\/table><\/figure>\n","protected":false},"excerpt":{"rendered":"<p>Participer au dispositif r\u00e9gional d&#8217;aide \u00e0 l&#8217;arr\u00eat du tabac en aidant \u00e0 la diffusion d&#8217;un dispositif d\u2019e-m\u00e9diation \u00e0 haute disponibilit\u00e9 (24\/7) et \u00e0 haute connectivit\u00e9&nbsp; (avec les dispositifs existants en sant\u00e9 et en accompagnement tabacologique et addictologique des Pays de la Loire ). en animant et d\u00e9veloppant des actions dans des groupes de parole auto-support&#8230;<\/p>\n","protected":false},"author":1,"featured_media":0,"comment_status":"open","ping_status":"open","sticky":false,"template":"","format":"standard","meta":{"iawp_total_views":2,"footnotes":""},"categories":[82],"tags":[],"class_list":["post-12","post","type-post","status-publish","format-standard","hentry","category-projets"],"yoast_head":"<!-- This site is optimized with the Yoast SEO plugin v27.5 - https:\/\/yoast.com\/product\/yoast-seo-wordpress\/ -->\n<title>Le projet e-mediation - Je ne fume plus ! #JNFP<\/title>\n<meta name=\"robots\" content=\"index, follow, max-snippet:-1, max-image-preview:large, max-video-preview:-1\" \/>\n<link rel=\"canonical\" href=\"https:\/\/jenefumeplus.org\/jnfp\/index.php\/2021\/04\/23\/le-projet-e-mediation\/\" \/>\n<meta property=\"og:locale\" content=\"fr_FR\" \/>\n<meta property=\"og:type\" content=\"article\" \/>\n<meta property=\"og:title\" content=\"Le projet e-mediation - Je ne fume plus ! #JNFP\" \/>\n<meta property=\"og:description\" content=\"Participer au dispositif r\u00e9gional d&#8217;aide \u00e0 l&#8217;arr\u00eat du tabac en aidant \u00e0 la diffusion d&#8217;un dispositif d\u2019e-m\u00e9diation \u00e0 haute disponibilit\u00e9 (24\/7) et \u00e0 haute connectivit\u00e9&nbsp; (avec les dispositifs existants en sant\u00e9 et en accompagnement tabacologique et addictologique des Pays de la Loire ). en animant et d\u00e9veloppant des actions dans des groupes de parole auto-support...\" \/>\n<meta property=\"og:url\" content=\"https:\/\/jenefumeplus.org\/jnfp\/index.php\/2021\/04\/23\/le-projet-e-mediation\/\" \/>\n<meta property=\"og:site_name\" content=\"Je ne fume plus ! #JNFP\" \/>\n<meta property=\"article:published_time\" content=\"2021-04-23T08:15:00+00:00\" \/>\n<meta property=\"article:modified_time\" content=\"2021-05-07T09:12:59+00:00\" \/>\n<meta name=\"author\" content=\"jnfp_rootman\" \/>\n<meta name=\"twitter:card\" content=\"summary_large_image\" \/>\n<meta name=\"twitter:label1\" content=\"\u00c9crit par\" \/>\n\t<meta name=\"twitter:data1\" content=\"jnfp_rootman\" \/>\n\t<meta name=\"twitter:label2\" content=\"Dur\u00e9e de lecture estim\u00e9e\" \/>\n\t<meta name=\"twitter:data2\" content=\"3 minutes\" \/>\n<script type=\"application\/ld+json\" class=\"yoast-schema-graph\">{\"@context\":\"https:\\\/\\\/schema.org\",\"@graph\":[{\"@type\":\"Article\",\"@id\":\"https:\\\/\\\/jenefumeplus.org\\\/jnfp\\\/index.php\\\/2021\\\/04\\\/23\\\/le-projet-e-mediation\\\/#article\",\"isPartOf\":{\"@id\":\"https:\\\/\\\/jenefumeplus.org\\\/jnfp\\\/index.php\\\/2021\\\/04\\\/23\\\/le-projet-e-mediation\\\/\"},\"author\":{\"name\":\"jnfp_rootman\",\"@id\":\"https:\\\/\\\/jenefumeplus.org\\\/jnfp\\\/#\\\/schema\\\/person\\\/17ebb0813e8fb4aacf2580e75766b18b\"},\"headline\":\"Le projet e-mediation\",\"datePublished\":\"2021-04-23T08:15:00+00:00\",\"dateModified\":\"2021-05-07T09:12:59+00:00\",\"mainEntityOfPage\":{\"@id\":\"https:\\\/\\\/jenefumeplus.org\\\/jnfp\\\/index.php\\\/2021\\\/04\\\/23\\\/le-projet-e-mediation\\\/\"},\"wordCount\":579,\"commentCount\":0,\"publisher\":{\"@id\":\"https:\\\/\\\/jenefumeplus.org\\\/jnfp\\\/#organization\"},\"articleSection\":[\"Projets\"],\"inLanguage\":\"fr-FR\",\"potentialAction\":[{\"@type\":\"CommentAction\",\"name\":\"Comment\",\"target\":[\"https:\\\/\\\/jenefumeplus.org\\\/jnfp\\\/index.php\\\/2021\\\/04\\\/23\\\/le-projet-e-mediation\\\/#respond\"]}]},{\"@type\":\"WebPage\",\"@id\":\"https:\\\/\\\/jenefumeplus.org\\\/jnfp\\\/index.php\\\/2021\\\/04\\\/23\\\/le-projet-e-mediation\\\/\",\"url\":\"https:\\\/\\\/jenefumeplus.org\\\/jnfp\\\/index.php\\\/2021\\\/04\\\/23\\\/le-projet-e-mediation\\\/\",\"name\":\"Le projet e-mediation - Je ne fume plus ! #JNFP\",\"isPartOf\":{\"@id\":\"https:\\\/\\\/jenefumeplus.org\\\/jnfp\\\/#website\"},\"datePublished\":\"2021-04-23T08:15:00+00:00\",\"dateModified\":\"2021-05-07T09:12:59+00:00\",\"breadcrumb\":{\"@id\":\"https:\\\/\\\/jenefumeplus.org\\\/jnfp\\\/index.php\\\/2021\\\/04\\\/23\\\/le-projet-e-mediation\\\/#breadcrumb\"},\"inLanguage\":\"fr-FR\",\"potentialAction\":[{\"@type\":\"ReadAction\",\"target\":[\"https:\\\/\\\/jenefumeplus.org\\\/jnfp\\\/index.php\\\/2021\\\/04\\\/23\\\/le-projet-e-mediation\\\/\"]}]},{\"@type\":\"BreadcrumbList\",\"@id\":\"https:\\\/\\\/jenefumeplus.org\\\/jnfp\\\/index.php\\\/2021\\\/04\\\/23\\\/le-projet-e-mediation\\\/#breadcrumb\",\"itemListElement\":[{\"@type\":\"ListItem\",\"position\":1,\"name\":\"Accueil\",\"item\":\"https:\\\/\\\/jenefumeplus.org\\\/jnfp\\\/\"},{\"@type\":\"ListItem\",\"position\":2,\"name\":\"Le projet e-mediation\"}]},{\"@type\":\"WebSite\",\"@id\":\"https:\\\/\\\/jenefumeplus.org\\\/jnfp\\\/#website\",\"url\":\"https:\\\/\\\/jenefumeplus.org\\\/jnfp\\\/\",\"name\":\"Je ne fume plus ! #JNFP\",\"description\":\"Arr\u00eater de fumer, oui, mais pas tout-e seul-e !\",\"publisher\":{\"@id\":\"https:\\\/\\\/jenefumeplus.org\\\/jnfp\\\/#organization\"},\"potentialAction\":[{\"@type\":\"SearchAction\",\"target\":{\"@type\":\"EntryPoint\",\"urlTemplate\":\"https:\\\/\\\/jenefumeplus.org\\\/jnfp\\\/?s={search_term_string}\"},\"query-input\":{\"@type\":\"PropertyValueSpecification\",\"valueRequired\":true,\"valueName\":\"search_term_string\"}}],\"inLanguage\":\"fr-FR\"},{\"@type\":\"Organization\",\"@id\":\"https:\\\/\\\/jenefumeplus.org\\\/jnfp\\\/#organization\",\"name\":\"Je ne fume plus ! #JNFP\",\"url\":\"https:\\\/\\\/jenefumeplus.org\\\/jnfp\\\/\",\"logo\":{\"@type\":\"ImageObject\",\"inLanguage\":\"fr-FR\",\"@id\":\"https:\\\/\\\/jenefumeplus.org\\\/jnfp\\\/#\\\/schema\\\/logo\\\/image\\\/\",\"url\":\"https:\\\/\\\/jenefumeplus.org\\\/jnfp\\\/wp-content\\\/uploads\\\/2023\\\/08\\\/cropped-Logo-JNFP-2069x702-2.png\",\"contentUrl\":\"https:\\\/\\\/jenefumeplus.org\\\/jnfp\\\/wp-content\\\/uploads\\\/2023\\\/08\\\/cropped-Logo-JNFP-2069x702-2.png\",\"width\":2200,\"height\":701,\"caption\":\"Je ne fume plus ! #JNFP\"},\"image\":{\"@id\":\"https:\\\/\\\/jenefumeplus.org\\\/jnfp\\\/#\\\/schema\\\/logo\\\/image\\\/\"}},{\"@type\":\"Person\",\"@id\":\"https:\\\/\\\/jenefumeplus.org\\\/jnfp\\\/#\\\/schema\\\/person\\\/17ebb0813e8fb4aacf2580e75766b18b\",\"name\":\"jnfp_rootman\",\"image\":{\"@type\":\"ImageObject\",\"inLanguage\":\"fr-FR\",\"@id\":\"https:\\\/\\\/secure.gravatar.com\\\/avatar\\\/1de74b9a65890a3d386545f909dcb7642d9de5d98f41762bf62becb1cb2b1c76?s=96&d=mm&r=g\",\"url\":\"https:\\\/\\\/secure.gravatar.com\\\/avatar\\\/1de74b9a65890a3d386545f909dcb7642d9de5d98f41762bf62becb1cb2b1c76?s=96&d=mm&r=g\",\"contentUrl\":\"https:\\\/\\\/secure.gravatar.com\\\/avatar\\\/1de74b9a65890a3d386545f909dcb7642d9de5d98f41762bf62becb1cb2b1c76?s=96&d=mm&r=g\",\"caption\":\"jnfp_rootman\"},\"sameAs\":[\"https:\\\/\\\/jenefumeplus.org\\\/jnfp\"],\"url\":\"https:\\\/\\\/jenefumeplus.org\\\/jnfp\\\/index.php\\\/author\\\/jnfp_rootman\\\/\"}]}<\/script>\n<!-- \/ Yoast SEO plugin. -->","yoast_head_json":{"title":"Le projet e-mediation - Je ne fume plus ! #JNFP","robots":{"index":"index","follow":"follow","max-snippet":"max-snippet:-1","max-image-preview":"max-image-preview:large","max-video-preview":"max-video-preview:-1"},"canonical":"https:\/\/jenefumeplus.org\/jnfp\/index.php\/2021\/04\/23\/le-projet-e-mediation\/","og_locale":"fr_FR","og_type":"article","og_title":"Le projet e-mediation - Je ne fume plus ! #JNFP","og_description":"Participer au dispositif r\u00e9gional d&#8217;aide \u00e0 l&#8217;arr\u00eat du tabac en aidant \u00e0 la diffusion d&#8217;un dispositif d\u2019e-m\u00e9diation \u00e0 haute disponibilit\u00e9 (24\/7) et \u00e0 haute connectivit\u00e9&nbsp; (avec les dispositifs existants en sant\u00e9 et en accompagnement tabacologique et addictologique des Pays de la Loire ). en animant et d\u00e9veloppant des actions dans des groupes de parole auto-support...","og_url":"https:\/\/jenefumeplus.org\/jnfp\/index.php\/2021\/04\/23\/le-projet-e-mediation\/","og_site_name":"Je ne fume plus ! #JNFP","article_published_time":"2021-04-23T08:15:00+00:00","article_modified_time":"2021-05-07T09:12:59+00:00","author":"jnfp_rootman","twitter_card":"summary_large_image","twitter_misc":{"\u00c9crit par":"jnfp_rootman","Dur\u00e9e de lecture estim\u00e9e":"3 minutes"},"schema":{"@context":"https:\/\/schema.org","@graph":[{"@type":"Article","@id":"https:\/\/jenefumeplus.org\/jnfp\/index.php\/2021\/04\/23\/le-projet-e-mediation\/#article","isPartOf":{"@id":"https:\/\/jenefumeplus.org\/jnfp\/index.php\/2021\/04\/23\/le-projet-e-mediation\/"},"author":{"name":"jnfp_rootman","@id":"https:\/\/jenefumeplus.org\/jnfp\/#\/schema\/person\/17ebb0813e8fb4aacf2580e75766b18b"},"headline":"Le projet e-mediation","datePublished":"2021-04-23T08:15:00+00:00","dateModified":"2021-05-07T09:12:59+00:00","mainEntityOfPage":{"@id":"https:\/\/jenefumeplus.org\/jnfp\/index.php\/2021\/04\/23\/le-projet-e-mediation\/"},"wordCount":579,"commentCount":0,"publisher":{"@id":"https:\/\/jenefumeplus.org\/jnfp\/#organization"},"articleSection":["Projets"],"inLanguage":"fr-FR","potentialAction":[{"@type":"CommentAction","name":"Comment","target":["https:\/\/jenefumeplus.org\/jnfp\/index.php\/2021\/04\/23\/le-projet-e-mediation\/#respond"]}]},{"@type":"WebPage","@id":"https:\/\/jenefumeplus.org\/jnfp\/index.php\/2021\/04\/23\/le-projet-e-mediation\/","url":"https:\/\/jenefumeplus.org\/jnfp\/index.php\/2021\/04\/23\/le-projet-e-mediation\/","name":"Le projet e-mediation - Je ne fume plus ! #JNFP","isPartOf":{"@id":"https:\/\/jenefumeplus.org\/jnfp\/#website"},"datePublished":"2021-04-23T08:15:00+00:00","dateModified":"2021-05-07T09:12:59+00:00","breadcrumb":{"@id":"https:\/\/jenefumeplus.org\/jnfp\/index.php\/2021\/04\/23\/le-projet-e-mediation\/#breadcrumb"},"inLanguage":"fr-FR","potentialAction":[{"@type":"ReadAction","target":["https:\/\/jenefumeplus.org\/jnfp\/index.php\/2021\/04\/23\/le-projet-e-mediation\/"]}]},{"@type":"BreadcrumbList","@id":"https:\/\/jenefumeplus.org\/jnfp\/index.php\/2021\/04\/23\/le-projet-e-mediation\/#breadcrumb","itemListElement":[{"@type":"ListItem","position":1,"name":"Accueil","item":"https:\/\/jenefumeplus.org\/jnfp\/"},{"@type":"ListItem","position":2,"name":"Le projet e-mediation"}]},{"@type":"WebSite","@id":"https:\/\/jenefumeplus.org\/jnfp\/#website","url":"https:\/\/jenefumeplus.org\/jnfp\/","name":"Je ne fume plus ! #JNFP","description":"Arr\u00eater de fumer, oui, mais pas tout-e seul-e !","publisher":{"@id":"https:\/\/jenefumeplus.org\/jnfp\/#organization"},"potentialAction":[{"@type":"SearchAction","target":{"@type":"EntryPoint","urlTemplate":"https:\/\/jenefumeplus.org\/jnfp\/?s={search_term_string}"},"query-input":{"@type":"PropertyValueSpecification","valueRequired":true,"valueName":"search_term_string"}}],"inLanguage":"fr-FR"},{"@type":"Organization","@id":"https:\/\/jenefumeplus.org\/jnfp\/#organization","name":"Je ne fume plus ! #JNFP","url":"https:\/\/jenefumeplus.org\/jnfp\/","logo":{"@type":"ImageObject","inLanguage":"fr-FR","@id":"https:\/\/jenefumeplus.org\/jnfp\/#\/schema\/logo\/image\/","url":"https:\/\/jenefumeplus.org\/jnfp\/wp-content\/uploads\/2023\/08\/cropped-Logo-JNFP-2069x702-2.png","contentUrl":"https:\/\/jenefumeplus.org\/jnfp\/wp-content\/uploads\/2023\/08\/cropped-Logo-JNFP-2069x702-2.png","width":2200,"height":701,"caption":"Je ne fume plus ! #JNFP"},"image":{"@id":"https:\/\/jenefumeplus.org\/jnfp\/#\/schema\/logo\/image\/"}},{"@type":"Person","@id":"https:\/\/jenefumeplus.org\/jnfp\/#\/schema\/person\/17ebb0813e8fb4aacf2580e75766b18b","name":"jnfp_rootman","image":{"@type":"ImageObject","inLanguage":"fr-FR","@id":"https:\/\/secure.gravatar.com\/avatar\/1de74b9a65890a3d386545f909dcb7642d9de5d98f41762bf62becb1cb2b1c76?s=96&d=mm&r=g","url":"https:\/\/secure.gravatar.com\/avatar\/1de74b9a65890a3d386545f909dcb7642d9de5d98f41762bf62becb1cb2b1c76?s=96&d=mm&r=g","contentUrl":"https:\/\/secure.gravatar.com\/avatar\/1de74b9a65890a3d386545f909dcb7642d9de5d98f41762bf62becb1cb2b1c76?s=96&d=mm&r=g","caption":"jnfp_rootman"},"sameAs":["https:\/\/jenefumeplus.org\/jnfp"],"url":"https:\/\/jenefumeplus.org\/jnfp\/index.php\/author\/jnfp_rootman\/"}]}},"_links":{"self":[{"href":"https:\/\/jenefumeplus.org\/jnfp\/index.php\/wp-json\/wp\/v2\/posts\/12","targetHints":{"allow":["GET"]}}],"collection":[{"href":"https:\/\/jenefumeplus.org\/jnfp\/index.php\/wp-json\/wp\/v2\/posts"}],"about":[{"href":"https:\/\/jenefumeplus.org\/jnfp\/index.php\/wp-json\/wp\/v2\/types\/post"}],"author":[{"embeddable":true,"href":"https:\/\/jenefumeplus.org\/jnfp\/index.php\/wp-json\/wp\/v2\/users\/1"}],"replies":[{"embeddable":true,"href":"https:\/\/jenefumeplus.org\/jnfp\/index.php\/wp-json\/wp\/v2\/comments?post=12"}],"version-history":[{"count":5,"href":"https:\/\/jenefumeplus.org\/jnfp\/index.php\/wp-json\/wp\/v2\/posts\/12\/revisions"}],"predecessor-version":[{"id":26,"href":"https:\/\/jenefumeplus.org\/jnfp\/index.php\/wp-json\/wp\/v2\/posts\/12\/revisions\/26"}],"wp:attachment":[{"href":"https:\/\/jenefumeplus.org\/jnfp\/index.php\/wp-json\/wp\/v2\/media?parent=12"}],"wp:term":[{"taxonomy":"category","embeddable":true,"href":"https:\/\/jenefumeplus.org\/jnfp\/index.php\/wp-json\/wp\/v2\/categories?post=12"},{"taxonomy":"post_tag","embeddable":true,"href":"https:\/\/jenefumeplus.org\/jnfp\/index.php\/wp-json\/wp\/v2\/tags?post=12"}],"curies":[{"name":"wp","href":"https:\/\/api.w.org\/{rel}","templated":true}]}}